{"id":223,"date":"2025-11-15T22:51:11","date_gmt":"2025-11-16T04:51:11","guid":{"rendered":"https:\/\/antenajoven.com\/revista\/?p=223"},"modified":"2025-11-16T00:53:20","modified_gmt":"2025-11-16T06:53:20","slug":"vibrar-alto-elevar-frecuencia-amor","status":"publish","type":"post","link":"https:\/\/antenajoven.com\/revista\/vibrar-alto-elevar-frecuencia-amor\/","title":{"rendered":"\u00bfQu\u00e9 significa Vibrar Alto?"},"content":{"rendered":"\n<p>\ud83c\udfa7 <em>La m\u00fasica que escuch\u00e1s, el entorno que eleg\u00eds, los pensamientos que cultiv\u00e1s\u2026 todo influye en tu vibraci\u00f3n.<\/em> \ud83d\udd25 Descubr\u00ed c\u00f3mo elevar tu frecuencia en nuestro nuevo art\u00edculo. #VibrarAlto #Trascender #Conexi\u00f3nC\u00f3smica #AntenaJoven<\/p>\n\n\n\n<p>\ud83c\udf08 <em>Hoy decido vibrar en gratitud.<\/em> \u00bfY vos?<\/p>\n\n\n\n<hr class=\"wp-block-separator has-alpha-channel-opacity\"\/>\n\n\n\n<h3 class=\"wp-block-heading\">Vibrar alto es vivir desde una frecuencia de energ\u00eda positiva, donde tus pensamientos, emociones y acciones se alinean con el amor, la gratitud y la paz interior. Es como sintonizar tu vida con una estaci\u00f3n de radio que transmite buena vibra, creatividad y expansi\u00f3n.<\/h3>\n\n\n\n<hr class=\"wp-block-separator has-alpha-channel-opacity\"\/>\n\n\n\n<h1 class=\"wp-block-heading\">\ud83c\udf1f Vibrar Alto: El Arte de Elevar tu Frecuencia<\/h1>\n\n\n\n<p>\u00bfAlguna vez has sentido que tu energ\u00eda cambia todo lo que te rodea? Eso es <em>vibrar alto<\/em>: vivir desde una frecuencia positiva, donde tus pensamientos, emociones y acciones se alinean con el amor, la gratitud y la paz interior.<\/p>\n\n\n\n<p>Cuando vibramos alto:<\/p>\n\n\n\n<ul class=\"wp-block-list\">\n<li>\ud83c\udf08 Atraemos experiencias m\u00e1s positivas.<\/li>\n\n\n\n<li>\ud83d\udc96 Nos conectamos con personas que tambi\u00e9n buscan crecer.<\/li>\n\n\n\n<li>\ud83e\uddd8\u200d\u2642\ufe0f Sentimos mayor claridad y prop\u00f3sito en lo que hacemos.<\/li>\n<\/ul>\n\n\n\n<h2 class=\"wp-block-heading\">\ud83d\ude80 \u00bfQu\u00e9 significa elevar tu frecuencia?<\/h2>\n\n\n\n<p>Elevar tu frecuencia es como sintonizar tu vida con una estaci\u00f3n de radio que transmite buena vibra. Es elegir conscientemente pensamientos y acciones que te acercan a tu mejor versi\u00f3n.<\/p>\n\n\n\n<p><strong>Mantra clave:<\/strong> <em>\u201cMi energ\u00eda atrae lo que merezco.\u201d<\/em><\/p>\n\n\n\n<figure class=\"wp-block-image aligncenter size-large is-resized\"><img loading=\"lazy\" decoding=\"async\" width=\"683\" height=\"1024\" src=\"https:\/\/antenajoven.com\/revista\/wp-content\/uploads\/2025\/11\/Meditacion-real-en-conexion-con-la-naturaleza-683x1024.png\" alt=\"\" class=\"wp-image-225\" style=\"width:364px;height:auto\" srcset=\"https:\/\/antenajoven.com\/revista\/wp-content\/uploads\/2025\/11\/Meditacion-real-en-conexion-con-la-naturaleza-683x1024.png 683w, https:\/\/antenajoven.com\/revista\/wp-content\/uploads\/2025\/11\/Meditacion-real-en-conexion-con-la-naturaleza-200x300.png 200w, https:\/\/antenajoven.com\/revista\/wp-content\/uploads\/2025\/11\/Meditacion-real-en-conexion-con-la-naturaleza-768x1152.png 768w, https:\/\/antenajoven.com\/revista\/wp-content\/uploads\/2025\/11\/Meditacion-real-en-conexion-con-la-naturaleza.png 1024w\" sizes=\"auto, (max-width: 683px) 100vw, 683px\" \/><figcaption class=\"wp-element-caption\">Vibrar Alto desde tu espacio real: m\u00fasica, naturaleza y paz interior.<br><strong>Copyright:<\/strong> \u00a9 2025 Antena Joven. Todos los derechos reservados.<\/figcaption><\/figure>\n\n\n\n<h2 class=\"wp-block-heading\">\ud83d\udd11 Claves para Vibrar Alto en el d\u00eda a d\u00eda<\/h2>\n\n\n\n<ul class=\"wp-block-list\">\n<li><strong>Cuidar el cuerpo<\/strong>: alimentaci\u00f3n consciente, ejercicio y descanso.<\/li>\n\n\n\n<li><strong>Pensamientos positivos<\/strong>: entrenar la mente para enfocarse en lo que s\u00ed suma.<\/li>\n\n\n\n<li><strong>Gratitud diaria<\/strong>: agradecer incluso lo peque\u00f1o cambia la energ\u00eda.<\/li>\n\n\n\n<li><strong>Conexi\u00f3n espiritual<\/strong>: meditaci\u00f3n, oraci\u00f3n o simplemente respirar profundo.<\/li>\n\n\n\n<li><strong>Entorno sano<\/strong>: rodearse de personas y espacios que inspiren.<\/li>\n\n\n\n<li><strong>Acciones con amor<\/strong>: ayudar, compartir y ser aut\u00e9ntico.<\/li>\n<\/ul>\n\n\n\n<p><strong>Mantra clave:<\/strong> <em>\u201cHoy decido vibrar en gratitud.\u201d<\/em><\/p>\n\n\n\n<h2 class=\"wp-block-heading\">\ud83d\udcab Vibrar en Amor para Trascender<\/h2>\n\n\n\n<p>El amor es la frecuencia m\u00e1s alta. Cuando actuamos desde ah\u00ed, trascendemos las limitaciones del ego y conectamos con nuestra mejor versi\u00f3n. Vibrar en amor significa:<\/p>\n\n\n\n<ul class=\"wp-block-list\">\n<li>Responder con empat\u00eda en lugar de reaccionar con enojo.<\/li>\n\n\n\n<li>Ver oportunidades en los retos.<\/li>\n\n\n\n<li>Reconocer que cada d\u00eda podemos crecer un poquito m\u00e1s.<\/li>\n<\/ul>\n\n\n\n<p><strong>Mantra clave:<\/strong> <em>\u201cEl amor es mi frecuencia.\u201d<\/em><\/p>\n\n\n\n<h2 class=\"wp-block-heading\">\ud83c\udf0d Conclusi\u00f3n<\/h2>\n\n\n\n<p><strong>Sintoniza. Vibra. Trasciende.<\/strong><\/p>\n\n\n\n<p>Vibrar alto no es un estado permanente, es una pr\u00e1ctica diaria. Es elegir conscientemente elevar tu energ\u00eda, incluso en medio de los desaf\u00edos. Y lo m\u00e1s chiva: cuando t\u00fa vibras alto, inspiras a otros a hacerlo tambi\u00e9n.<\/p>\n\n\n\n<hr class=\"wp-block-separator has-alpha-channel-opacity\"\/>\n\n\n\n<h2 class=\"wp-block-heading\">\u270d\ufe0f Sobre el autor<\/h2>\n\n\n\n<p><strong>Antena Joven<\/strong> es m\u00e1s que una radio: es una frecuencia de conciencia, creatividad y conexi\u00f3n. Este art\u00edculo fue creado por el equipo editorial de Antena Joven, inspirado en la energ\u00eda de quienes buscan elevar su vibraci\u00f3n cada d\u00eda.<\/p>\n\n\n\n<p>Creemos en el poder de la m\u00fasica, la espiritualidad y el pensamiento positivo como herramientas para transformar el mundo desde adentro. Si este contenido reson\u00f3 contigo, comp\u00e1rtelo y ay\u00fadanos a expandir la buena vibra.<\/p>\n\n\n\n<hr class=\"wp-block-separator has-alpha-channel-opacity\"\/>\n\n\n\n<h2 class=\"wp-block-heading\">\ud83d\udcda Referencias APA<\/h2>\n\n\n\n<ul class=\"wp-block-list\">\n<li>Dispenza, J. (2017). <em>Becoming Supernatural: How Common People Are Doing the Uncommon<\/em>. Hay House Inc.<\/li>\n\n\n\n<li>Hawkins, D. R. (2002). <em>Power vs. Force: The Hidden Determinants of Human Behavior<\/em>. Hay House Inc.<\/li>\n\n\n\n<li>Lipton, B. H. (2005). <em>The Biology of Belief: Unleashing the Power of Consciousness, Matter &amp; Miracles<\/em>. Mountain of Love\/Elite Books.<\/li>\n\n\n\n<li>Sadhguru. (2016). <em>Inner Engineering: A Yogi\u2019s Guide to Joy<\/em>. Spiegel &amp; Grau.<\/li>\n<\/ul>\n\n\n\n<h2 class=\"wp-block-heading\">\ud83c\udfa8 Cr\u00e9ditos de im\u00e1genes <\/h2>\n\n\n\n<p><strong>Autor:<\/strong> Microsoft Copilot <strong>Herramienta:<\/strong> Imagen generada por inteligencia artificial mediante Microsoft Copilot <strong>Licencia:<\/strong> Uso libre para fines editoriales, educativos y promocionales dentro de <em>Antena Joven<\/em>. No requiere atribuci\u00f3n comercial. <strong>Nota:<\/strong> Las im\u00e1genes fueron creadas exclusivamente para este art\u00edculo y no provienen de bancos externos ni contienen elementos protegidos por derechos de terceros.<\/p>\n\n\n\n<h2 class=\"wp-block-heading\">\u00a9 Copyright <\/h2>\n\n\n\n<p><strong>T\u00edtulo:<\/strong> <em>Vibrar Alto: El Arte de Elevar tu Frecuencia<\/em> <br><strong>Autor:<\/strong> OS <strong>Medio:<\/strong> <em>Antena Joven<\/em> <br><strong>Fecha de publicaci\u00f3n:<\/strong> 15\/11\/25 <br><strong>Copyright:<\/strong> \u00a9 2025 Antena Joven. Todos los derechos reservados. <br><strong>Licencia de uso:<\/strong> Este contenido puede compartirse libremente con fines educativos y no comerciales, siempre que se cite la fuente original.<\/p>\n\n\n\n<p><\/p>\n","protected":false},"excerpt":{"rendered":"<p>Descubre qu\u00e9 es vibrar alto, c\u00f3mo elevar tu energ\u00eda y conectar con el amor para trascender cada d\u00eda.<\/p>\n","protected":false},"author":1,"featured_media":224,"comment_status":"open","ping_status":"open","sticky":false,"template":"","format":"standard","meta":{"om_disable_all_campaigns":false,"_monsterinsights_skip_tracking":false,"_monsterinsights_sitenote_active":false,"_monsterinsights_sitenote_note":"","_monsterinsights_sitenote_category":0,"footnotes":""},"categories":[359,358],"tags":[66,365,360,361,240,364,19,366,363,239,362],"class_list":["post-223","post","type-post","status-publish","format-standard","has-post-thumbnail","hentry","category-bienestar-juvenil","category-espiritualidad-y-conciencia","tag-antena-joven","tag-conexion-espiritual","tag-elevar-frecuencia","tag-energia-positiva","tag-gratitud","tag-juventud-consciente","tag-meditacion","tag-musica-que-eleva","tag-trascender-dia-a-dia","tag-vibrar-alto","tag-vibrar-en-amor"],"yoast_head":"<!-- This site is optimized with the Yoast SEO plugin v27.5 - https:\/\/yoast.com\/product\/yoast-seo-wordpress\/ -->\n<title>\u00bfQu\u00e9 significa Vibrar Alto? \u2013 An\u00e1lisis en Antena Joven \u2013 Cultura Digital: Opini\u00f3n y s\u00e1tira sobre series, entretenimiento y cultura online.<\/title>\n<meta name=\"description\" content=\"Descubre qu\u00e9 es vibrar alto, c\u00f3mo elevar tu energ\u00eda y conectar con el amor para trascender cada d\u00eda. | Antena Joven \u2013 Cultura Digital: Opini\u00f3n, s\u00e1tira y tendencias en series y entretenimiento.\" \/>\n<meta name=\"robots\" content=\"index, follow, max-snippet:-1, max-image-preview:large, max-video-preview:-1\" \/>\n<link rel=\"canonical\" href=\"https:\/\/antenajoven.com\/revista\/vibrar-alto-elevar-frecuencia-amor\/\" \/>\n<meta property=\"og:locale\" content=\"es_ES\" \/>\n<meta property=\"og:type\" content=\"article\" \/>\n<meta property=\"og:title\" content=\"\u00bfQu\u00e9 significa Vibrar Alto? \u2013 An\u00e1lisis en Antena Joven \u2013 Cultura Digital: Opini\u00f3n y s\u00e1tira sobre series, entretenimiento y cultura online.\" \/>\n<meta property=\"og:description\" content=\"Descubre qu\u00e9 es vibrar alto, c\u00f3mo elevar tu energ\u00eda y conectar con el amor para trascender cada d\u00eda. | Antena Joven \u2013 Cultura Digital: Opini\u00f3n, s\u00e1tira y tendencias en series y entretenimiento.\" \/>\n<meta property=\"og:url\" content=\"https:\/\/antenajoven.com\/revista\/vibrar-alto-elevar-frecuencia-amor\/\" \/>\n<meta property=\"og:site_name\" content=\"Antena Joven - Cultura Digital\" \/>\n<meta property=\"article:publisher\" content=\"https:\/\/www.facebook.com\/antena.joven.cultura.digital\" \/>\n<meta property=\"article:published_time\" content=\"2025-11-16T04:51:11+00:00\" \/>\n<meta property=\"article:modified_time\" content=\"2025-11-16T06:53:20+00:00\" \/>\n<meta property=\"og:image\" content=\"https:\/\/antenajoven.com\/revista\/wp-content\/uploads\/2025\/11\/Copilot_20251115_221833.png\" \/>\n\t<meta property=\"og:image:width\" content=\"960\" \/>\n\t<meta property=\"og:image:height\" content=\"960\" \/>\n\t<meta property=\"og:image:type\" content=\"image\/png\" \/>\n<meta name=\"author\" content=\"os\" \/>\n<meta name=\"twitter:card\" content=\"summary_large_image\" \/>\n<meta name=\"twitter:creator\" content=\"@AntenaJovenBlog\" \/>\n<meta name=\"twitter:site\" content=\"@AntenaJovenBlog\" \/>\n<meta name=\"twitter:label1\" content=\"Escrito por\" \/>\n\t<meta name=\"twitter:data1\" content=\"os\" \/>\n\t<meta name=\"twitter:label2\" content=\"Tiempo de lectura\" \/>\n\t<meta name=\"twitter:data2\" content=\"3 minutos\" \/>\n<script type=\"application\/ld+json\" class=\"yoast-schema-graph\">{\"@context\":\"https:\\\/\\\/schema.org\",\"@graph\":[{\"@type\":[\"Article\",\"BlogPosting\"],\"@id\":\"https:\\\/\\\/antenajoven.com\\\/revista\\\/vibrar-alto-elevar-frecuencia-amor\\\/#article\",\"isPartOf\":{\"@id\":\"https:\\\/\\\/antenajoven.com\\\/revista\\\/vibrar-alto-elevar-frecuencia-amor\\\/\"},\"author\":{\"name\":\"os\",\"@id\":\"https:\\\/\\\/antenajoven.com\\\/revista\\\/#\\\/schema\\\/person\\\/b744e0eb6b876ee67fef1a7ec9253647\"},\"headline\":\"\u00bfQu\u00e9 significa Vibrar Alto?\",\"datePublished\":\"2025-11-16T04:51:11+00:00\",\"dateModified\":\"2025-11-16T06:53:20+00:00\",\"mainEntityOfPage\":{\"@id\":\"https:\\\/\\\/antenajoven.com\\\/revista\\\/vibrar-alto-elevar-frecuencia-amor\\\/\"},\"wordCount\":684,\"commentCount\":0,\"publisher\":{\"@id\":\"https:\\\/\\\/antenajoven.com\\\/revista\\\/#organization\"},\"image\":{\"@id\":\"https:\\\/\\\/antenajoven.com\\\/revista\\\/vibrar-alto-elevar-frecuencia-amor\\\/#primaryimage\"},\"thumbnailUrl\":\"https:\\\/\\\/antenajoven.com\\\/revista\\\/wp-content\\\/uploads\\\/2025\\\/11\\\/Copilot_20251115_221833.png\",\"keywords\":[\"antena joven\",\"conexi\u00f3n espiritual\",\"elevar frecuencia\",\"energ\u00eda positiva\",\"gratitud\",\"juventud consciente\",\"Meditaci\u00f3n\",\"m\u00fasica que eleva\",\"trascender d\u00eda a d\u00eda\",\"vibrar alto\",\"vibrar en amor\"],\"articleSection\":[\"Bienestar juvenil\",\"Espiritualidad y conciencia\"],\"inLanguage\":\"es\",\"potentialAction\":[{\"@type\":\"CommentAction\",\"name\":\"Comment\",\"target\":[\"https:\\\/\\\/antenajoven.com\\\/revista\\\/vibrar-alto-elevar-frecuencia-amor\\\/#respond\"]}]},{\"@type\":[\"WebPage\",\"ItemPage\"],\"@id\":\"https:\\\/\\\/antenajoven.com\\\/revista\\\/vibrar-alto-elevar-frecuencia-amor\\\/\",\"url\":\"https:\\\/\\\/antenajoven.com\\\/revista\\\/vibrar-alto-elevar-frecuencia-amor\\\/\",\"name\":\"\u00bfQu\u00e9 significa Vibrar Alto? \u2013 An\u00e1lisis en Antena Joven \u2013 Cultura Digital: Opini\u00f3n y s\u00e1tira sobre series, entretenimiento y cultura online.\",\"isPartOf\":{\"@id\":\"https:\\\/\\\/antenajoven.com\\\/revista\\\/#website\"},\"primaryImageOfPage\":{\"@id\":\"https:\\\/\\\/antenajoven.com\\\/revista\\\/vibrar-alto-elevar-frecuencia-amor\\\/#primaryimage\"},\"image\":{\"@id\":\"https:\\\/\\\/antenajoven.com\\\/revista\\\/vibrar-alto-elevar-frecuencia-amor\\\/#primaryimage\"},\"thumbnailUrl\":\"https:\\\/\\\/antenajoven.com\\\/revista\\\/wp-content\\\/uploads\\\/2025\\\/11\\\/Copilot_20251115_221833.png\",\"datePublished\":\"2025-11-16T04:51:11+00:00\",\"dateModified\":\"2025-11-16T06:53:20+00:00\",\"description\":\"Descubre qu\u00e9 es vibrar alto, c\u00f3mo elevar tu energ\u00eda y conectar con el amor para trascender cada d\u00eda. | Antena Joven \u2013 Cultura Digital: Opini\u00f3n, s\u00e1tira y tendencias en series y entretenimiento.\",\"breadcrumb\":{\"@id\":\"https:\\\/\\\/antenajoven.com\\\/revista\\\/vibrar-alto-elevar-frecuencia-amor\\\/#breadcrumb\"},\"inLanguage\":\"es\",\"potentialAction\":[{\"@type\":\"ReadAction\",\"target\":[\"https:\\\/\\\/antenajoven.com\\\/revista\\\/vibrar-alto-elevar-frecuencia-amor\\\/\"]}]},{\"@type\":\"ImageObject\",\"inLanguage\":\"es\",\"@id\":\"https:\\\/\\\/antenajoven.com\\\/revista\\\/vibrar-alto-elevar-frecuencia-amor\\\/#primaryimage\",\"url\":\"https:\\\/\\\/antenajoven.com\\\/revista\\\/wp-content\\\/uploads\\\/2025\\\/11\\\/Copilot_20251115_221833.png\",\"contentUrl\":\"https:\\\/\\\/antenajoven.com\\\/revista\\\/wp-content\\\/uploads\\\/2025\\\/11\\\/Copilot_20251115_221833.png\",\"width\":1024,\"height\":1024,\"caption\":\"Vibrar Alto: energ\u00eda juvenil que trasciende.\"},{\"@type\":\"BreadcrumbList\",\"@id\":\"https:\\\/\\\/antenajoven.com\\\/revista\\\/vibrar-alto-elevar-frecuencia-amor\\\/#breadcrumb\",\"itemListElement\":[{\"@type\":\"ListItem\",\"position\":1,\"name\":\"Inicio\",\"item\":\"https:\\\/\\\/antenajoven.com\\\/revista\\\/\"},{\"@type\":\"ListItem\",\"position\":2,\"name\":\"Bienestar juvenil\",\"item\":\"https:\\\/\\\/antenajoven.com\\\/revista\\\/category\\\/bienestar-juvenil\\\/\"},{\"@type\":\"ListItem\",\"position\":3,\"name\":\"\u00bfQu\u00e9 significa Vibrar Alto?\"}]},{\"@type\":\"WebSite\",\"@id\":\"https:\\\/\\\/antenajoven.com\\\/revista\\\/#website\",\"url\":\"https:\\\/\\\/antenajoven.com\\\/revista\\\/\",\"name\":\"Antena Joven - Cultura Digital\",\"description\":\"Antena Joven \u2013 Cultura Digital: Series, entretenimiento y cr\u00edtica con voz joven.\",\"publisher\":{\"@id\":\"https:\\\/\\\/antenajoven.com\\\/revista\\\/#organization\"},\"potentialAction\":[{\"@type\":\"SearchAction\",\"target\":{\"@type\":\"EntryPoint\",\"urlTemplate\":\"https:\\\/\\\/antenajoven.com\\\/revista\\\/?s={search_term_string}\"},\"query-input\":{\"@type\":\"PropertyValueSpecification\",\"valueRequired\":true,\"valueName\":\"search_term_string\"}}],\"inLanguage\":\"es\"},{\"@type\":\"Organization\",\"@id\":\"https:\\\/\\\/antenajoven.com\\\/revista\\\/#organization\",\"name\":\"Antena Joven by Oscar Solano\",\"url\":\"https:\\\/\\\/antenajoven.com\\\/revista\\\/\",\"logo\":{\"@type\":\"ImageObject\",\"inLanguage\":\"es\",\"@id\":\"https:\\\/\\\/antenajoven.com\\\/revista\\\/#\\\/schema\\\/logo\\\/image\\\/\",\"url\":\"https:\\\/\\\/antenajoven.com\\\/revista\\\/wp-content\\\/uploads\\\/2025\\\/07\\\/Antena-Joven-LOGO-v25final-1200x1200-1.png\",\"contentUrl\":\"https:\\\/\\\/antenajoven.com\\\/revista\\\/wp-content\\\/uploads\\\/2025\\\/07\\\/Antena-Joven-LOGO-v25final-1200x1200-1.png\",\"width\":1200,\"height\":1200,\"caption\":\"Antena Joven by Oscar Solano\"},\"image\":{\"@id\":\"https:\\\/\\\/antenajoven.com\\\/revista\\\/#\\\/schema\\\/logo\\\/image\\\/\"},\"sameAs\":[\"https:\\\/\\\/www.facebook.com\\\/antena.joven.cultura.digital\",\"https:\\\/\\\/x.com\\\/AntenaJovenBlog\"]},{\"@type\":\"Person\",\"@id\":\"https:\\\/\\\/antenajoven.com\\\/revista\\\/#\\\/schema\\\/person\\\/b744e0eb6b876ee67fef1a7ec9253647\",\"name\":\"os\",\"image\":{\"@type\":\"ImageObject\",\"inLanguage\":\"es\",\"@id\":\"https:\\\/\\\/secure.gravatar.com\\\/avatar\\\/c496e927ef21dc5658f4e82f4d1ce03b290bcd255171ae9919c10437678a3c10?s=96&d=mm&r=g\",\"url\":\"https:\\\/\\\/secure.gravatar.com\\\/avatar\\\/c496e927ef21dc5658f4e82f4d1ce03b290bcd255171ae9919c10437678a3c10?s=96&d=mm&r=g\",\"contentUrl\":\"https:\\\/\\\/secure.gravatar.com\\\/avatar\\\/c496e927ef21dc5658f4e82f4d1ce03b290bcd255171ae9919c10437678a3c10?s=96&d=mm&r=g\",\"caption\":\"os\"},\"sameAs\":[\"https:\\\/\\\/antenajoven.com\\\/revista\"]}]}<\/script>\n<!-- \/ Yoast SEO plugin. -->","yoast_head_json":{"title":"\u00bfQu\u00e9 significa Vibrar Alto? \u2013 An\u00e1lisis en Antena Joven \u2013 Cultura Digital: Opini\u00f3n y s\u00e1tira sobre series, entretenimiento y cultura online.","description":"Descubre qu\u00e9 es vibrar alto, c\u00f3mo elevar tu energ\u00eda y conectar con el amor para trascender cada d\u00eda. | Antena Joven \u2013 Cultura Digital: Opini\u00f3n, s\u00e1tira y tendencias en series y entretenimiento.","robots":{"index":"index","follow":"follow","max-snippet":"max-snippet:-1","max-image-preview":"max-image-preview:large","max-video-preview":"max-video-preview:-1"},"canonical":"https:\/\/antenajoven.com\/revista\/vibrar-alto-elevar-frecuencia-amor\/","og_locale":"es_ES","og_type":"article","og_title":"\u00bfQu\u00e9 significa Vibrar Alto? \u2013 An\u00e1lisis en Antena Joven \u2013 Cultura Digital: Opini\u00f3n y s\u00e1tira sobre series, entretenimiento y cultura online.","og_description":"Descubre qu\u00e9 es vibrar alto, c\u00f3mo elevar tu energ\u00eda y conectar con el amor para trascender cada d\u00eda. | Antena Joven \u2013 Cultura Digital: Opini\u00f3n, s\u00e1tira y tendencias en series y entretenimiento.","og_url":"https:\/\/antenajoven.com\/revista\/vibrar-alto-elevar-frecuencia-amor\/","og_site_name":"Antena Joven - Cultura Digital","article_publisher":"https:\/\/www.facebook.com\/antena.joven.cultura.digital","article_published_time":"2025-11-16T04:51:11+00:00","article_modified_time":"2025-11-16T06:53:20+00:00","og_image":[{"url":"https:\/\/antenajoven.com\/revista\/wp-content\/uploads\/2025\/11\/Copilot_20251115_221833.png","width":960,"height":960,"type":"image\/png"}],"author":"os","twitter_card":"summary_large_image","twitter_creator":"@AntenaJovenBlog","twitter_site":"@AntenaJovenBlog","twitter_misc":{"Escrito por":"os","Tiempo de lectura":"3 minutos"},"schema":{"@context":"https:\/\/schema.org","@graph":[{"@type":["Article","BlogPosting"],"@id":"https:\/\/antenajoven.com\/revista\/vibrar-alto-elevar-frecuencia-amor\/#article","isPartOf":{"@id":"https:\/\/antenajoven.com\/revista\/vibrar-alto-elevar-frecuencia-amor\/"},"author":{"name":"os","@id":"https:\/\/antenajoven.com\/revista\/#\/schema\/person\/b744e0eb6b876ee67fef1a7ec9253647"},"headline":"\u00bfQu\u00e9 significa Vibrar Alto?","datePublished":"2025-11-16T04:51:11+00:00","dateModified":"2025-11-16T06:53:20+00:00","mainEntityOfPage":{"@id":"https:\/\/antenajoven.com\/revista\/vibrar-alto-elevar-frecuencia-amor\/"},"wordCount":684,"commentCount":0,"publisher":{"@id":"https:\/\/antenajoven.com\/revista\/#organization"},"image":{"@id":"https:\/\/antenajoven.com\/revista\/vibrar-alto-elevar-frecuencia-amor\/#primaryimage"},"thumbnailUrl":"https:\/\/antenajoven.com\/revista\/wp-content\/uploads\/2025\/11\/Copilot_20251115_221833.png","keywords":["antena joven","conexi\u00f3n espiritual","elevar frecuencia","energ\u00eda positiva","gratitud","juventud consciente","Meditaci\u00f3n","m\u00fasica que eleva","trascender d\u00eda a d\u00eda","vibrar alto","vibrar en amor"],"articleSection":["Bienestar juvenil","Espiritualidad y conciencia"],"inLanguage":"es","potentialAction":[{"@type":"CommentAction","name":"Comment","target":["https:\/\/antenajoven.com\/revista\/vibrar-alto-elevar-frecuencia-amor\/#respond"]}]},{"@type":["WebPage","ItemPage"],"@id":"https:\/\/antenajoven.com\/revista\/vibrar-alto-elevar-frecuencia-amor\/","url":"https:\/\/antenajoven.com\/revista\/vibrar-alto-elevar-frecuencia-amor\/","name":"\u00bfQu\u00e9 significa Vibrar Alto? \u2013 An\u00e1lisis en Antena Joven \u2013 Cultura Digital: Opini\u00f3n y s\u00e1tira sobre series, entretenimiento y cultura online.","isPartOf":{"@id":"https:\/\/antenajoven.com\/revista\/#website"},"primaryImageOfPage":{"@id":"https:\/\/antenajoven.com\/revista\/vibrar-alto-elevar-frecuencia-amor\/#primaryimage"},"image":{"@id":"https:\/\/antenajoven.com\/revista\/vibrar-alto-elevar-frecuencia-amor\/#primaryimage"},"thumbnailUrl":"https:\/\/antenajoven.com\/revista\/wp-content\/uploads\/2025\/11\/Copilot_20251115_221833.png","datePublished":"2025-11-16T04:51:11+00:00","dateModified":"2025-11-16T06:53:20+00:00","description":"Descubre qu\u00e9 es vibrar alto, c\u00f3mo elevar tu energ\u00eda y conectar con el amor para trascender cada d\u00eda. | Antena Joven \u2013 Cultura Digital: Opini\u00f3n, s\u00e1tira y tendencias en series y entretenimiento.","breadcrumb":{"@id":"https:\/\/antenajoven.com\/revista\/vibrar-alto-elevar-frecuencia-amor\/#breadcrumb"},"inLanguage":"es","potentialAction":[{"@type":"ReadAction","target":["https:\/\/antenajoven.com\/revista\/vibrar-alto-elevar-frecuencia-amor\/"]}]},{"@type":"ImageObject","inLanguage":"es","@id":"https:\/\/antenajoven.com\/revista\/vibrar-alto-elevar-frecuencia-amor\/#primaryimage","url":"https:\/\/antenajoven.com\/revista\/wp-content\/uploads\/2025\/11\/Copilot_20251115_221833.png","contentUrl":"https:\/\/antenajoven.com\/revista\/wp-content\/uploads\/2025\/11\/Copilot_20251115_221833.png","width":1024,"height":1024,"caption":"Vibrar Alto: energ\u00eda juvenil que trasciende."},{"@type":"BreadcrumbList","@id":"https:\/\/antenajoven.com\/revista\/vibrar-alto-elevar-frecuencia-amor\/#breadcrumb","itemListElement":[{"@type":"ListItem","position":1,"name":"Inicio","item":"https:\/\/antenajoven.com\/revista\/"},{"@type":"ListItem","position":2,"name":"Bienestar juvenil","item":"https:\/\/antenajoven.com\/revista\/category\/bienestar-juvenil\/"},{"@type":"ListItem","position":3,"name":"\u00bfQu\u00e9 significa Vibrar Alto?"}]},{"@type":"WebSite","@id":"https:\/\/antenajoven.com\/revista\/#website","url":"https:\/\/antenajoven.com\/revista\/","name":"Antena Joven - Cultura Digital","description":"Antena Joven \u2013 Cultura Digital: Series, entretenimiento y cr\u00edtica con voz joven.","publisher":{"@id":"https:\/\/antenajoven.com\/revista\/#organization"},"potentialAction":[{"@type":"SearchAction","target":{"@type":"EntryPoint","urlTemplate":"https:\/\/antenajoven.com\/revista\/?s={search_term_string}"},"query-input":{"@type":"PropertyValueSpecification","valueRequired":true,"valueName":"search_term_string"}}],"inLanguage":"es"},{"@type":"Organization","@id":"https:\/\/antenajoven.com\/revista\/#organization","name":"Antena Joven by Oscar Solano","url":"https:\/\/antenajoven.com\/revista\/","logo":{"@type":"ImageObject","inLanguage":"es","@id":"https:\/\/antenajoven.com\/revista\/#\/schema\/logo\/image\/","url":"https:\/\/antenajoven.com\/revista\/wp-content\/uploads\/2025\/07\/Antena-Joven-LOGO-v25final-1200x1200-1.png","contentUrl":"https:\/\/antenajoven.com\/revista\/wp-content\/uploads\/2025\/07\/Antena-Joven-LOGO-v25final-1200x1200-1.png","width":1200,"height":1200,"caption":"Antena Joven by Oscar Solano"},"image":{"@id":"https:\/\/antenajoven.com\/revista\/#\/schema\/logo\/image\/"},"sameAs":["https:\/\/www.facebook.com\/antena.joven.cultura.digital","https:\/\/x.com\/AntenaJovenBlog"]},{"@type":"Person","@id":"https:\/\/antenajoven.com\/revista\/#\/schema\/person\/b744e0eb6b876ee67fef1a7ec9253647","name":"os","image":{"@type":"ImageObject","inLanguage":"es","@id":"https:\/\/secure.gravatar.com\/avatar\/c496e927ef21dc5658f4e82f4d1ce03b290bcd255171ae9919c10437678a3c10?s=96&d=mm&r=g","url":"https:\/\/secure.gravatar.com\/avatar\/c496e927ef21dc5658f4e82f4d1ce03b290bcd255171ae9919c10437678a3c10?s=96&d=mm&r=g","contentUrl":"https:\/\/secure.gravatar.com\/avatar\/c496e927ef21dc5658f4e82f4d1ce03b290bcd255171ae9919c10437678a3c10?s=96&d=mm&r=g","caption":"os"},"sameAs":["https:\/\/antenajoven.com\/revista"]}]}},"_links":{"self":[{"href":"https:\/\/antenajoven.com\/revista\/wp-json\/wp\/v2\/posts\/223","targetHints":{"allow":["GET"]}}],"collection":[{"href":"https:\/\/antenajoven.com\/revista\/wp-json\/wp\/v2\/posts"}],"about":[{"href":"https:\/\/antenajoven.com\/revista\/wp-json\/wp\/v2\/types\/post"}],"author":[{"embeddable":true,"href":"https:\/\/antenajoven.com\/revista\/wp-json\/wp\/v2\/users\/1"}],"replies":[{"embeddable":true,"href":"https:\/\/antenajoven.com\/revista\/wp-json\/wp\/v2\/comments?post=223"}],"version-history":[{"count":8,"href":"https:\/\/antenajoven.com\/revista\/wp-json\/wp\/v2\/posts\/223\/revisions"}],"predecessor-version":[{"id":235,"href":"https:\/\/antenajoven.com\/revista\/wp-json\/wp\/v2\/posts\/223\/revisions\/235"}],"wp:featuredmedia":[{"embeddable":true,"href":"https:\/\/antenajoven.com\/revista\/wp-json\/wp\/v2\/media\/224"}],"wp:attachment":[{"href":"https:\/\/antenajoven.com\/revista\/wp-json\/wp\/v2\/media?parent=223"}],"wp:term":[{"taxonomy":"category","embeddable":true,"href":"https:\/\/antenajoven.com\/revista\/wp-json\/wp\/v2\/categories?post=223"},{"taxonomy":"post_tag","embeddable":true,"href":"https:\/\/antenajoven.com\/revista\/wp-json\/wp\/v2\/tags?post=223"}],"curies":[{"name":"wp","href":"https:\/\/api.w.org\/{rel}","templated":true}]}}