{"id":239,"date":"2025-11-16T21:04:55","date_gmt":"2025-11-17T03:04:55","guid":{"rendered":"https:\/\/antenajoven.com\/revista\/?p=239"},"modified":"2026-03-20T22:28:40","modified_gmt":"2026-03-21T04:28:40","slug":"belinda-y-sia-reinventan-snowman","status":"publish","type":"post","link":"https:\/\/antenajoven.com\/revista\/belinda-y-sia-reinventan-snowman\/","title":{"rendered":"Belinda y Sia reinventan \u201cSnowman\u201d"},"content":{"rendered":"\n<p>La Navidad de 2025 lleg\u00f3 con un regalo inesperado: <strong>Belinda y Sia unieron sus voces para reinventar \u201cSnowman\u201d<\/strong>, el cl\u00e1sico navide\u00f1o que la australiana lanz\u00f3 en 2017 dentro de su \u00e1lbum <em>Everyday Is Christmas<\/em>. Esta nueva versi\u00f3n biling\u00fce no solo refresca la melod\u00eda con versos en espa\u00f1ol, sino que tambi\u00e9n abre un puente cultural entre el pop anglosaj\u00f3n y la energ\u00eda latina<\/p>\n\n\n\n<hr class=\"wp-block-separator has-alpha-channel-opacity\"\/>\n\n\n\n<h3 class=\"wp-block-heading\">El origen del cl\u00e1sico<\/h3>\n\n\n\n<p>\u201cSnowman\u201d naci\u00f3 en 2017 como un tema de <strong>smooth jazz con tintes nost\u00e1lgicos<\/strong>, compuesto por Sia y Greg Kurstin. Su dulzura mel\u00f3dica y el videoclip animado lo convirtieron en uno de los sencillos m\u00e1s queridos del \u00e1lbum navide\u00f1o. En 2020, la canci\u00f3n revivi\u00f3 gracias a TikTok, consolid\u00e1ndose como himno invernal.<\/p>\n\n\n\n<h3 class=\"wp-block-heading\">La nueva versi\u00f3n con Belinda<\/h3>\n\n\n\n<p>El <strong>14 de noviembre de 2025<\/strong> se estren\u00f3 la colaboraci\u00f3n oficial en plataformas como Spotify, YouTube y Amazon Music. Belinda aporta versos en espa\u00f1ol y un matiz urbano que <strong>rejuvenece la estructura original sin perder su esencia<\/strong>. La qu\u00edmica entre ambas artistas fue celebrada en redes con mensajes como \u201cPar de reinas\u201d y \u201cLa mejor sorpresa navide\u00f1a\u201dTV Azteca.<\/p>\n\n\n\n<h3 class=\"wp-block-heading\">Rankings y recepci\u00f3n inicial<\/h3>\n\n\n\n<p>En sus <strong>primeros dos d\u00edas<\/strong>, la canci\u00f3n acumul\u00f3 <strong>decenas de miles de reproducciones en YouTube<\/strong> y se posicion\u00f3 en playlists destacadas de Spotify. La versi\u00f3n biling\u00fce fue vista como un gesto de inclusi\u00f3n cultural, atrayendo tanto al p\u00fablico latino como al internacional.<\/p>\n\n\n\n<h3 class=\"wp-block-heading\">Comparaci\u00f3n con la versi\u00f3n original<\/h3>\n\n\n\n<ul class=\"wp-block-list\">\n<li><strong>2017:<\/strong> tono jazz\u00edstico, melanc\u00f3lico, con atm\u00f3sfera \u00edntima.<\/li>\n\n\n\n<li><strong>2025:<\/strong> fusi\u00f3n pop-urbana, biling\u00fce, con mayor proyecci\u00f3n internacional. La nueva versi\u00f3n no sustituye a la original, sino que la <strong>expande hacia un di\u00e1logo intercultural<\/strong>, mostrando c\u00f3mo un cl\u00e1sico puede evolucionar sin perder su ra\u00edz<\/li>\n<\/ul>\n\n\n\n<p><strong>\u2705 La colaboraci\u00f3n \u201cSnowman\u201d de Sia y Belinda ya est\u00e1 disponible en todas las principales plataformas de m\u00fasica.<\/strong> Puedes escucharla en streaming o comprarla digitalmente.<\/p>\n\n\n\n<h2 class=\"wp-block-heading\">\ud83c\udfa7 Plataformas de escucha y compra<\/h2>\n\n\n\n<ul class=\"wp-block-list\">\n<li><a href=\"https:\/\/www.bing.com\/ck\/a?!&amp;&amp;p=6c0af51065bacd51b8e68a840e6e4cb9e5d387362811c6b2830461714af50a57JmltdHM9MTc2MzI1MTIwMA&amp;ptn=3&amp;ver=2&amp;hsh=4&amp;fclid=0003082b-b5e3-618d-293d-1e47b4cb6042&amp;psq=snowman+belinda+sia+spotify&amp;u=a1aHR0cHM6Ly9vcGVuLnNwb3RpZnkuY29tL2ludGwtZXMvdHJhY2svN3RRNWNsaVNReFQ3a3YyT0F4Z3k3cw\" target=\"_blank\" rel=\"noopener\" title=\"\"><strong>Spotify<\/strong> <\/a>\u2192 Disponible en playlists destacadas y en el perfil oficial de Sia y Belinda<\/li>\n\n\n\n<li><a href=\"https:\/\/www.bing.com\/ck\/a?!&amp;&amp;p=a95744557818b3b454424432190961020d215e31b965cac899daf5b9421988aeJmltdHM9MTc2MzI1MTIwMA&amp;ptn=3&amp;ver=2&amp;hsh=4&amp;fclid=0003082b-b5e3-618d-293d-1e47b4cb6042&amp;u=a1L3ZpZGVvcy9yaXZlcnZpZXcvcmVsYXRlZHZpZGVvP3E9c25vd21hbitiZWxpbmRhK3NpYSt5b3V0dWJlJm1pZD04MUY5MkYwMjhFNzNERjlGMzQxRjgxRjkyRjAyOEU3M0RGOUYzNDFGJkZPUk09VklSRQ\" target=\"_blank\" rel=\"noopener\" title=\"\"><strong>YouTube<\/strong> <\/a>\u2192 Con videoclip oficial y lyric video biling\u00fce<\/li>\n\n\n\n<li><strong><a href=\"https:\/\/www.bing.com\/ck\/a?!&amp;&amp;p=8b5c512276fa3041c6d08f0ff6bdcdd454bfa1f60316142c486d6393eda16133JmltdHM9MTc2MzI1MTIwMA&amp;ptn=3&amp;ver=2&amp;hsh=4&amp;fclid=0003082b-b5e3-618d-293d-1e47b4cb6042&amp;psq=snowman+belinda+sia+Amazon+Music+Unlimited&amp;u=a1aHR0cHM6Ly9tdXNpYy5hbWF6b24uY29tL2FsYnVtcy9CMEcxNlpOR0o2\" target=\"_blank\" rel=\"noopener\" title=\"\">Amazon Music Unlimited<\/a><\/strong> \u2192 Incluye la versi\u00f3n original y la nueva con Belinda; se puede comprar y descargar<\/li>\n\n\n\n<li><strong><a href=\"https:\/\/www.bing.com\/ck\/a?!&amp;&amp;p=0cc39e4f4a6e0a2270f3a48f1ef2aa3892389a9ced28e34bdb074ba8c125b6feJmltdHM9MTc2MzI1MTIwMA&amp;ptn=3&amp;ver=2&amp;hsh=4&amp;fclid=0003082b-b5e3-618d-293d-1e47b4cb6042&amp;psq=snowman+belinda+siaApple+Music+&amp;u=a1aHR0cHM6Ly9tdXNpYy5hcHBsZS5jb20vZ3IvYWxidW0vc25vd21hbi1mZWF0LWJlbGluZGEtc2luZ2xlLzE4NTEzMzg4Mjk\" target=\"_blank\" rel=\"noopener\" title=\"\">Apple Music <\/a>\/ iTunes Store<\/strong> \u2192 Disponible para streaming y compra digital (reportado en medios de lanzamiento)<\/li>\n\n\n\n<li><a href=\"https:\/\/www.bing.com\/ck\/a?!&amp;&amp;p=61e033c340aab4f58be1247ca6d295334b0920e3d630aaa0cfd54c5d165c9e97JmltdHM9MTc2MzI1MTIwMA&amp;ptn=3&amp;ver=2&amp;hsh=4&amp;fclid=0003082b-b5e3-618d-293d-1e47b4cb6042&amp;psq=snowman+belinda+sia+Deezer+&amp;u=a1aHR0cHM6Ly93d3cuZGVlemVyLmNvbS9lbi90cmFjay8zNjQyNjQxNjcy\" target=\"_blank\" rel=\"noopener\" title=\"\"><strong>Deezer<\/strong> <\/a>\u2192 Incluida en su cat\u00e1logo global de lanzamientos navide\u00f1os<\/li>\n\n\n\n<li><a href=\"https:\/\/www.bing.com\/ck\/a?!&amp;&amp;p=1652f7716c6ba73fc628503e72902546c68f8425d52f6ec16f2a684127b15a79JmltdHM9MTc2MzI1MTIwMA&amp;ptn=3&amp;ver=2&amp;hsh=4&amp;fclid=0003082b-b5e3-618d-293d-1e47b4cb6042&amp;psq=snowman+belinda+sia+Tidal+&amp;u=a1aHR0cHM6Ly9saXN0ZW4udGlkYWwuY29tL3RyYWNrLzI2NzI2OTU3OA\" target=\"_blank\" rel=\"noopener\" title=\"\"><strong>Tidal<\/strong> <\/a>\u2192 Con calidad HiFi para quienes buscan audio sin p\u00e9rdida<\/li>\n<\/ul>\n\n\n\n<h2 class=\"wp-block-heading\">Nota clave<\/h2>\n\n\n\n<p>La canci\u00f3n se estren\u00f3 el <strong>14 de noviembre de 2025<\/strong> y, seg\u00fan los reportes, <strong>est\u00e1 disponible desde la medianoche en todas las plataformas de streaming<\/strong>. Esto asegura que tanto fans latinos como internacionales puedan acceder a la versi\u00f3n biling\u00fce sin restricciones.<\/p>\n\n\n\n<hr class=\"wp-block-separator has-alpha-channel-opacity\"\/>\n\n\n\n<p>Infobae. (2025, noviembre 15). <em>As\u00ed suena la nueva colaboraci\u00f3n de Belinda y Sia en \u201cSnowman\u201d<\/em>. Recuperado de https:\/\/www.infobae.com\/mexico\/2025\/11\/15\/asi-suena-la-nueva-colaboracion-de-belinda-y-sia-en-snowman-un-especial-navideno<\/p>\n\n\n\n<p>TV Azteca. (2025, noviembre 15). <em>Sia y Belinda confirman nueva colaboraci\u00f3n musical<\/em>. Recuperado de https:\/\/www.tvazteca.com\/aztecauno\/latinos-en\/notas\/sia-belinda-sorprenden-nueva-version-snowman-navidad-2025<\/p>\n\n\n\n<p>UnoTV. (2025, noviembre 15). <em>As\u00ed suena \u201cSnowman\u201d, la colaboraci\u00f3n navide\u00f1a de Belinda y Sia<\/em>. Recuperado de https:\/\/www.unotv.com\/entretenimiento\/asi-suena-snowman-la-colaboracion-navidena-de-belinda-y-sia\/<\/p>\n\n\n\n<p>Wikipedia. (2017). <em>Snowman (canci\u00f3n de Sia)<\/em>. Recuperado de https:\/\/es.wikipedia.org\/wiki\/Snowman_%28canci%C3%B3n_de_Sia%29<\/p>\n\n\n\n<hr class=\"wp-block-separator has-alpha-channel-opacity\"\/>\n\n\n\n<h2 class=\"wp-block-heading\">\u2728 Cr\u00e9ditos<\/h2>\n\n\n\n<ul class=\"wp-block-list\">\n<li><strong>Composici\u00f3n original:<\/strong> Sia Furler, Greg Kurstin<\/li>\n\n\n\n<li><strong>Versi\u00f3n 2025:<\/strong> Sia Furler, Belinda Peregr\u00edn<\/li>\n\n\n\n<li><strong>Producci\u00f3n:<\/strong> Greg Kurstin<\/li>\n\n\n\n<li><strong>Sello discogr\u00e1fico:<\/strong> Atlantic Records (Warner Music Group)<\/li>\n\n\n\n<li><strong>Distribuci\u00f3n digital:<\/strong> Spotify, Apple Music, Amazon Music, YouTube, Deezer, Tidal<\/li>\n<\/ul>\n\n\n\n<h2 class=\"wp-block-heading\">\u2696\ufe0f Copyright<\/h2>\n\n\n\n<ul class=\"wp-block-list\">\n<li>\u00a9 2017 Atlantic Recording Corporation para la versi\u00f3n original de <em>Snowman<\/em>.<\/li>\n\n\n\n<li>\u00a9 2025 Atlantic Recording Corporation \/ Warner Music Group. Todos los derechos reservados.<\/li>\n\n\n\n<li>\u00a9 Belinda Peregr\u00edn \/ colaboraci\u00f3n art\u00edstica en la versi\u00f3n biling\u00fce.<\/li>\n\n\n\n<li>Uso editorial: este art\u00edculo de <strong>Antena Joven<\/strong> se publica con fines informativos y culturales, respetando los derechos de autor de las obras musicales mencionadas.<\/li>\n<\/ul>\n","protected":false},"excerpt":{"rendered":"<p>Belinda y Sia sorprenden al mundo con una versi\u00f3n biling\u00fce de Snowman, el cl\u00e1sico navide\u00f1o de 2017. La colaboraci\u00f3n, estrenada en noviembre de 2025, mezcla la nostalgia original con la frescura latina, conquistando playlists y rankings en sus primeros d\u00edas. M\u00e1s que un dueto, es un puente cultural que convierte la nieve en fuego po\u00e9tico y celebra la m\u00fasica como lenguaje universal.<\/p>\n","protected":false},"author":1,"featured_media":240,"comment_status":"open","ping_status":"open","sticky":false,"template":"","format":"standard","meta":{"om_disable_all_campaigns":false,"_monsterinsights_skip_tracking":false,"_monsterinsights_sitenote_active":false,"_monsterinsights_sitenote_note":"","_monsterinsights_sitenote_category":0,"footnotes":""},"categories":[384,607,382,295,383],"tags":[385,389,388,200,386,387],"class_list":["post-239","post","type-post","status-publish","format-standard","has-post-thumbnail","hentry","category-colaboraciones","category-musica-cultura-digital","category-internacional","category-musica-2","category-navidad","tag-belinda","tag-colaboracion-internacional","tag-musica-navidena","tag-pop-latino","tag-sia","tag-snowman"],"yoast_head":"<!-- This site is optimized with the Yoast SEO plugin v27.5 - https:\/\/yoast.com\/product\/yoast-seo-wordpress\/ -->\n<title>Belinda y Sia reinventan \u201cSnowman\u201d \u2013 An\u00e1lisis en Antena Joven \u2013 Cultura Digital: Opini\u00f3n y s\u00e1tira sobre series, entretenimiento y cultura online.<\/title>\n<meta name=\"description\" content=\"Belinda y Sia sorprenden al mundo con una versi\u00f3n biling\u00fce de Snowman, el cl\u00e1sico navide\u00f1o de 2017. La colaboraci\u00f3n, estrenada en noviembre de 2025, mezcla la nostalgia original con la frescura latina, conquistando playlists y rankings en sus primeros d\u00edas. M\u00e1s que un dueto, es un puente cultural que convierte la nieve en fuego po\u00e9tico y celebra la m\u00fasica como lenguaje universal. | Antena Joven \u2013 Cultura Digital: Opini\u00f3n, s\u00e1tira y tendencias en series y entretenimiento.\" \/>\n<meta name=\"robots\" content=\"index, follow, max-snippet:-1, max-image-preview:large, max-video-preview:-1\" \/>\n<link rel=\"canonical\" href=\"https:\/\/antenajoven.com\/revista\/belinda-y-sia-reinventan-snowman\/\" \/>\n<meta property=\"og:locale\" content=\"es_ES\" \/>\n<meta property=\"og:type\" content=\"article\" \/>\n<meta property=\"og:title\" content=\"Belinda y Sia reinventan \u201cSnowman\u201d \u2013 An\u00e1lisis en Antena Joven \u2013 Cultura Digital: Opini\u00f3n y s\u00e1tira sobre series, entretenimiento y cultura online.\" \/>\n<meta property=\"og:description\" content=\"Belinda y Sia sorprenden al mundo con una versi\u00f3n biling\u00fce de Snowman, el cl\u00e1sico navide\u00f1o de 2017. La colaboraci\u00f3n, estrenada en noviembre de 2025, mezcla la nostalgia original con la frescura latina, conquistando playlists y rankings en sus primeros d\u00edas. M\u00e1s que un dueto, es un puente cultural que convierte la nieve en fuego po\u00e9tico y celebra la m\u00fasica como lenguaje universal. | Antena Joven \u2013 Cultura Digital: Opini\u00f3n, s\u00e1tira y tendencias en series y entretenimiento.\" \/>\n<meta property=\"og:url\" content=\"https:\/\/antenajoven.com\/revista\/belinda-y-sia-reinventan-snowman\/\" \/>\n<meta property=\"og:site_name\" content=\"Antena Joven - Cultura Digital\" \/>\n<meta property=\"article:publisher\" content=\"https:\/\/www.facebook.com\/antena.joven.cultura.digital\" \/>\n<meta property=\"article:published_time\" content=\"2025-11-17T03:04:55+00:00\" \/>\n<meta property=\"article:modified_time\" content=\"2026-03-21T04:28:40+00:00\" \/>\n<meta property=\"og:image\" content=\"https:\/\/antenajoven.com\/revista\/wp-content\/uploads\/2025\/11\/Untitled-design.png\" \/>\n\t<meta property=\"og:image:width\" content=\"1200\" \/>\n\t<meta property=\"og:image:height\" content=\"900\" \/>\n\t<meta property=\"og:image:type\" content=\"image\/png\" \/>\n<meta name=\"author\" content=\"os\" \/>\n<meta name=\"twitter:card\" content=\"summary_large_image\" \/>\n<meta name=\"twitter:creator\" content=\"@AntenaJovenBlog\" \/>\n<meta name=\"twitter:site\" content=\"@AntenaJovenBlog\" \/>\n<meta name=\"twitter:label1\" content=\"Escrito por\" \/>\n\t<meta name=\"twitter:data1\" content=\"os\" \/>\n\t<meta name=\"twitter:label2\" content=\"Tiempo de lectura\" \/>\n\t<meta name=\"twitter:data2\" content=\"3 minutos\" \/>\n<script type=\"application\/ld+json\" class=\"yoast-schema-graph\">{\"@context\":\"https:\\\/\\\/schema.org\",\"@graph\":[{\"@type\":[\"Article\",\"BlogPosting\"],\"@id\":\"https:\\\/\\\/antenajoven.com\\\/revista\\\/belinda-y-sia-reinventan-snowman\\\/#article\",\"isPartOf\":{\"@id\":\"https:\\\/\\\/antenajoven.com\\\/revista\\\/belinda-y-sia-reinventan-snowman\\\/\"},\"author\":{\"name\":\"os\",\"@id\":\"https:\\\/\\\/antenajoven.com\\\/revista\\\/#\\\/schema\\\/person\\\/b744e0eb6b876ee67fef1a7ec9253647\"},\"headline\":\"Belinda y Sia reinventan \u201cSnowman\u201d\",\"datePublished\":\"2025-11-17T03:04:55+00:00\",\"dateModified\":\"2026-03-21T04:28:40+00:00\",\"mainEntityOfPage\":{\"@id\":\"https:\\\/\\\/antenajoven.com\\\/revista\\\/belinda-y-sia-reinventan-snowman\\\/\"},\"wordCount\":647,\"commentCount\":0,\"publisher\":{\"@id\":\"https:\\\/\\\/antenajoven.com\\\/revista\\\/#organization\"},\"image\":{\"@id\":\"https:\\\/\\\/antenajoven.com\\\/revista\\\/belinda-y-sia-reinventan-snowman\\\/#primaryimage\"},\"thumbnailUrl\":\"https:\\\/\\\/antenajoven.com\\\/revista\\\/wp-content\\\/uploads\\\/2025\\\/11\\\/Untitled-design.png\",\"keywords\":[\"Belinda\",\"colaboraci\u00f3n internacional\",\"m\u00fasica navide\u00f1a\",\"Pop latino\",\"Sia\",\"Snowman\"],\"articleSection\":[\"Colaboraciones\",\"Cultura Musical\",\"Internacional\",\"M\u00fasica\",\"Navidad\"],\"inLanguage\":\"es\",\"potentialAction\":[{\"@type\":\"CommentAction\",\"name\":\"Comment\",\"target\":[\"https:\\\/\\\/antenajoven.com\\\/revista\\\/belinda-y-sia-reinventan-snowman\\\/#respond\"]}]},{\"@type\":[\"WebPage\",\"ItemPage\"],\"@id\":\"https:\\\/\\\/antenajoven.com\\\/revista\\\/belinda-y-sia-reinventan-snowman\\\/\",\"url\":\"https:\\\/\\\/antenajoven.com\\\/revista\\\/belinda-y-sia-reinventan-snowman\\\/\",\"name\":\"Belinda y Sia reinventan \u201cSnowman\u201d \u2013 An\u00e1lisis en Antena Joven \u2013 Cultura Digital: Opini\u00f3n y s\u00e1tira sobre series, entretenimiento y cultura online.\",\"isPartOf\":{\"@id\":\"https:\\\/\\\/antenajoven.com\\\/revista\\\/#website\"},\"primaryImageOfPage\":{\"@id\":\"https:\\\/\\\/antenajoven.com\\\/revista\\\/belinda-y-sia-reinventan-snowman\\\/#primaryimage\"},\"image\":{\"@id\":\"https:\\\/\\\/antenajoven.com\\\/revista\\\/belinda-y-sia-reinventan-snowman\\\/#primaryimage\"},\"thumbnailUrl\":\"https:\\\/\\\/antenajoven.com\\\/revista\\\/wp-content\\\/uploads\\\/2025\\\/11\\\/Untitled-design.png\",\"datePublished\":\"2025-11-17T03:04:55+00:00\",\"dateModified\":\"2026-03-21T04:28:40+00:00\",\"description\":\"Belinda y Sia sorprenden al mundo con una versi\u00f3n biling\u00fce de Snowman, el cl\u00e1sico navide\u00f1o de 2017. La colaboraci\u00f3n, estrenada en noviembre de 2025, mezcla la nostalgia original con la frescura latina, conquistando playlists y rankings en sus primeros d\u00edas. M\u00e1s que un dueto, es un puente cultural que convierte la nieve en fuego po\u00e9tico y celebra la m\u00fasica como lenguaje universal. | Antena Joven \u2013 Cultura Digital: Opini\u00f3n, s\u00e1tira y tendencias en series y entretenimiento.\",\"breadcrumb\":{\"@id\":\"https:\\\/\\\/antenajoven.com\\\/revista\\\/belinda-y-sia-reinventan-snowman\\\/#breadcrumb\"},\"inLanguage\":\"es\",\"potentialAction\":[{\"@type\":\"ReadAction\",\"target\":[\"https:\\\/\\\/antenajoven.com\\\/revista\\\/belinda-y-sia-reinventan-snowman\\\/\"]}]},{\"@type\":\"ImageObject\",\"inLanguage\":\"es\",\"@id\":\"https:\\\/\\\/antenajoven.com\\\/revista\\\/belinda-y-sia-reinventan-snowman\\\/#primaryimage\",\"url\":\"https:\\\/\\\/antenajoven.com\\\/revista\\\/wp-content\\\/uploads\\\/2025\\\/11\\\/Untitled-design.png\",\"contentUrl\":\"https:\\\/\\\/antenajoven.com\\\/revista\\\/wp-content\\\/uploads\\\/2025\\\/11\\\/Untitled-design.png\",\"width\":1200,\"height\":900,\"caption\":\"Imagen promocional de \u201cSnowman\u201d con Belinda y Sia, una fusi\u00f3n navide\u00f1a entre el pop latino y el estilo \u00fanico de Sia\"},{\"@type\":\"BreadcrumbList\",\"@id\":\"https:\\\/\\\/antenajoven.com\\\/revista\\\/belinda-y-sia-reinventan-snowman\\\/#breadcrumb\",\"itemListElement\":[{\"@type\":\"ListItem\",\"position\":1,\"name\":\"Inicio\",\"item\":\"https:\\\/\\\/antenajoven.com\\\/revista\\\/\"},{\"@type\":\"ListItem\",\"position\":2,\"name\":\"M\u00fasica\",\"item\":\"https:\\\/\\\/antenajoven.com\\\/revista\\\/category\\\/musica-2\\\/\"},{\"@type\":\"ListItem\",\"position\":3,\"name\":\"Belinda y Sia reinventan \u201cSnowman\u201d\"}]},{\"@type\":\"WebSite\",\"@id\":\"https:\\\/\\\/antenajoven.com\\\/revista\\\/#website\",\"url\":\"https:\\\/\\\/antenajoven.com\\\/revista\\\/\",\"name\":\"Antena Joven - Cultura Digital\",\"description\":\"Antena Joven \u2013 Cultura Digital: Series, entretenimiento y cr\u00edtica con voz joven.\",\"publisher\":{\"@id\":\"https:\\\/\\\/antenajoven.com\\\/revista\\\/#organization\"},\"potentialAction\":[{\"@type\":\"SearchAction\",\"target\":{\"@type\":\"EntryPoint\",\"urlTemplate\":\"https:\\\/\\\/antenajoven.com\\\/revista\\\/?s={search_term_string}\"},\"query-input\":{\"@type\":\"PropertyValueSpecification\",\"valueRequired\":true,\"valueName\":\"search_term_string\"}}],\"inLanguage\":\"es\"},{\"@type\":\"Organization\",\"@id\":\"https:\\\/\\\/antenajoven.com\\\/revista\\\/#organization\",\"name\":\"Antena Joven by Oscar Solano\",\"url\":\"https:\\\/\\\/antenajoven.com\\\/revista\\\/\",\"logo\":{\"@type\":\"ImageObject\",\"inLanguage\":\"es\",\"@id\":\"https:\\\/\\\/antenajoven.com\\\/revista\\\/#\\\/schema\\\/logo\\\/image\\\/\",\"url\":\"https:\\\/\\\/antenajoven.com\\\/revista\\\/wp-content\\\/uploads\\\/2025\\\/07\\\/Antena-Joven-LOGO-v25final-1200x1200-1.png\",\"contentUrl\":\"https:\\\/\\\/antenajoven.com\\\/revista\\\/wp-content\\\/uploads\\\/2025\\\/07\\\/Antena-Joven-LOGO-v25final-1200x1200-1.png\",\"width\":1200,\"height\":1200,\"caption\":\"Antena Joven by Oscar Solano\"},\"image\":{\"@id\":\"https:\\\/\\\/antenajoven.com\\\/revista\\\/#\\\/schema\\\/logo\\\/image\\\/\"},\"sameAs\":[\"https:\\\/\\\/www.facebook.com\\\/antena.joven.cultura.digital\",\"https:\\\/\\\/x.com\\\/AntenaJovenBlog\"]},{\"@type\":\"Person\",\"@id\":\"https:\\\/\\\/antenajoven.com\\\/revista\\\/#\\\/schema\\\/person\\\/b744e0eb6b876ee67fef1a7ec9253647\",\"name\":\"os\",\"image\":{\"@type\":\"ImageObject\",\"inLanguage\":\"es\",\"@id\":\"https:\\\/\\\/secure.gravatar.com\\\/avatar\\\/c496e927ef21dc5658f4e82f4d1ce03b290bcd255171ae9919c10437678a3c10?s=96&d=mm&r=g\",\"url\":\"https:\\\/\\\/secure.gravatar.com\\\/avatar\\\/c496e927ef21dc5658f4e82f4d1ce03b290bcd255171ae9919c10437678a3c10?s=96&d=mm&r=g\",\"contentUrl\":\"https:\\\/\\\/secure.gravatar.com\\\/avatar\\\/c496e927ef21dc5658f4e82f4d1ce03b290bcd255171ae9919c10437678a3c10?s=96&d=mm&r=g\",\"caption\":\"os\"},\"sameAs\":[\"https:\\\/\\\/antenajoven.com\\\/revista\"]}]}<\/script>\n<!-- \/ Yoast SEO plugin. -->","yoast_head_json":{"title":"Belinda y Sia reinventan \u201cSnowman\u201d \u2013 An\u00e1lisis en Antena Joven \u2013 Cultura Digital: Opini\u00f3n y s\u00e1tira sobre series, entretenimiento y cultura online.","description":"Belinda y Sia sorprenden al mundo con una versi\u00f3n biling\u00fce de Snowman, el cl\u00e1sico navide\u00f1o de 2017. La colaboraci\u00f3n, estrenada en noviembre de 2025, mezcla la nostalgia original con la frescura latina, conquistando playlists y rankings en sus primeros d\u00edas. M\u00e1s que un dueto, es un puente cultural que convierte la nieve en fuego po\u00e9tico y celebra la m\u00fasica como lenguaje universal. | Antena Joven \u2013 Cultura Digital: Opini\u00f3n, s\u00e1tira y tendencias en series y entretenimiento.","robots":{"index":"index","follow":"follow","max-snippet":"max-snippet:-1","max-image-preview":"max-image-preview:large","max-video-preview":"max-video-preview:-1"},"canonical":"https:\/\/antenajoven.com\/revista\/belinda-y-sia-reinventan-snowman\/","og_locale":"es_ES","og_type":"article","og_title":"Belinda y Sia reinventan \u201cSnowman\u201d \u2013 An\u00e1lisis en Antena Joven \u2013 Cultura Digital: Opini\u00f3n y s\u00e1tira sobre series, entretenimiento y cultura online.","og_description":"Belinda y Sia sorprenden al mundo con una versi\u00f3n biling\u00fce de Snowman, el cl\u00e1sico navide\u00f1o de 2017. La colaboraci\u00f3n, estrenada en noviembre de 2025, mezcla la nostalgia original con la frescura latina, conquistando playlists y rankings en sus primeros d\u00edas. M\u00e1s que un dueto, es un puente cultural que convierte la nieve en fuego po\u00e9tico y celebra la m\u00fasica como lenguaje universal. | Antena Joven \u2013 Cultura Digital: Opini\u00f3n, s\u00e1tira y tendencias en series y entretenimiento.","og_url":"https:\/\/antenajoven.com\/revista\/belinda-y-sia-reinventan-snowman\/","og_site_name":"Antena Joven - Cultura Digital","article_publisher":"https:\/\/www.facebook.com\/antena.joven.cultura.digital","article_published_time":"2025-11-17T03:04:55+00:00","article_modified_time":"2026-03-21T04:28:40+00:00","og_image":[{"width":1200,"height":900,"url":"https:\/\/antenajoven.com\/revista\/wp-content\/uploads\/2025\/11\/Untitled-design.png","type":"image\/png"}],"author":"os","twitter_card":"summary_large_image","twitter_creator":"@AntenaJovenBlog","twitter_site":"@AntenaJovenBlog","twitter_misc":{"Escrito por":"os","Tiempo de lectura":"3 minutos"},"schema":{"@context":"https:\/\/schema.org","@graph":[{"@type":["Article","BlogPosting"],"@id":"https:\/\/antenajoven.com\/revista\/belinda-y-sia-reinventan-snowman\/#article","isPartOf":{"@id":"https:\/\/antenajoven.com\/revista\/belinda-y-sia-reinventan-snowman\/"},"author":{"name":"os","@id":"https:\/\/antenajoven.com\/revista\/#\/schema\/person\/b744e0eb6b876ee67fef1a7ec9253647"},"headline":"Belinda y Sia reinventan \u201cSnowman\u201d","datePublished":"2025-11-17T03:04:55+00:00","dateModified":"2026-03-21T04:28:40+00:00","mainEntityOfPage":{"@id":"https:\/\/antenajoven.com\/revista\/belinda-y-sia-reinventan-snowman\/"},"wordCount":647,"commentCount":0,"publisher":{"@id":"https:\/\/antenajoven.com\/revista\/#organization"},"image":{"@id":"https:\/\/antenajoven.com\/revista\/belinda-y-sia-reinventan-snowman\/#primaryimage"},"thumbnailUrl":"https:\/\/antenajoven.com\/revista\/wp-content\/uploads\/2025\/11\/Untitled-design.png","keywords":["Belinda","colaboraci\u00f3n internacional","m\u00fasica navide\u00f1a","Pop latino","Sia","Snowman"],"articleSection":["Colaboraciones","Cultura Musical","Internacional","M\u00fasica","Navidad"],"inLanguage":"es","potentialAction":[{"@type":"CommentAction","name":"Comment","target":["https:\/\/antenajoven.com\/revista\/belinda-y-sia-reinventan-snowman\/#respond"]}]},{"@type":["WebPage","ItemPage"],"@id":"https:\/\/antenajoven.com\/revista\/belinda-y-sia-reinventan-snowman\/","url":"https:\/\/antenajoven.com\/revista\/belinda-y-sia-reinventan-snowman\/","name":"Belinda y Sia reinventan \u201cSnowman\u201d \u2013 An\u00e1lisis en Antena Joven \u2013 Cultura Digital: Opini\u00f3n y s\u00e1tira sobre series, entretenimiento y cultura online.","isPartOf":{"@id":"https:\/\/antenajoven.com\/revista\/#website"},"primaryImageOfPage":{"@id":"https:\/\/antenajoven.com\/revista\/belinda-y-sia-reinventan-snowman\/#primaryimage"},"image":{"@id":"https:\/\/antenajoven.com\/revista\/belinda-y-sia-reinventan-snowman\/#primaryimage"},"thumbnailUrl":"https:\/\/antenajoven.com\/revista\/wp-content\/uploads\/2025\/11\/Untitled-design.png","datePublished":"2025-11-17T03:04:55+00:00","dateModified":"2026-03-21T04:28:40+00:00","description":"Belinda y Sia sorprenden al mundo con una versi\u00f3n biling\u00fce de Snowman, el cl\u00e1sico navide\u00f1o de 2017. La colaboraci\u00f3n, estrenada en noviembre de 2025, mezcla la nostalgia original con la frescura latina, conquistando playlists y rankings en sus primeros d\u00edas. M\u00e1s que un dueto, es un puente cultural que convierte la nieve en fuego po\u00e9tico y celebra la m\u00fasica como lenguaje universal. | Antena Joven \u2013 Cultura Digital: Opini\u00f3n, s\u00e1tira y tendencias en series y entretenimiento.","breadcrumb":{"@id":"https:\/\/antenajoven.com\/revista\/belinda-y-sia-reinventan-snowman\/#breadcrumb"},"inLanguage":"es","potentialAction":[{"@type":"ReadAction","target":["https:\/\/antenajoven.com\/revista\/belinda-y-sia-reinventan-snowman\/"]}]},{"@type":"ImageObject","inLanguage":"es","@id":"https:\/\/antenajoven.com\/revista\/belinda-y-sia-reinventan-snowman\/#primaryimage","url":"https:\/\/antenajoven.com\/revista\/wp-content\/uploads\/2025\/11\/Untitled-design.png","contentUrl":"https:\/\/antenajoven.com\/revista\/wp-content\/uploads\/2025\/11\/Untitled-design.png","width":1200,"height":900,"caption":"Imagen promocional de \u201cSnowman\u201d con Belinda y Sia, una fusi\u00f3n navide\u00f1a entre el pop latino y el estilo \u00fanico de Sia"},{"@type":"BreadcrumbList","@id":"https:\/\/antenajoven.com\/revista\/belinda-y-sia-reinventan-snowman\/#breadcrumb","itemListElement":[{"@type":"ListItem","position":1,"name":"Inicio","item":"https:\/\/antenajoven.com\/revista\/"},{"@type":"ListItem","position":2,"name":"M\u00fasica","item":"https:\/\/antenajoven.com\/revista\/category\/musica-2\/"},{"@type":"ListItem","position":3,"name":"Belinda y Sia reinventan \u201cSnowman\u201d"}]},{"@type":"WebSite","@id":"https:\/\/antenajoven.com\/revista\/#website","url":"https:\/\/antenajoven.com\/revista\/","name":"Antena Joven - Cultura Digital","description":"Antena Joven \u2013 Cultura Digital: Series, entretenimiento y cr\u00edtica con voz joven.","publisher":{"@id":"https:\/\/antenajoven.com\/revista\/#organization"},"potentialAction":[{"@type":"SearchAction","target":{"@type":"EntryPoint","urlTemplate":"https:\/\/antenajoven.com\/revista\/?s={search_term_string}"},"query-input":{"@type":"PropertyValueSpecification","valueRequired":true,"valueName":"search_term_string"}}],"inLanguage":"es"},{"@type":"Organization","@id":"https:\/\/antenajoven.com\/revista\/#organization","name":"Antena Joven by Oscar Solano","url":"https:\/\/antenajoven.com\/revista\/","logo":{"@type":"ImageObject","inLanguage":"es","@id":"https:\/\/antenajoven.com\/revista\/#\/schema\/logo\/image\/","url":"https:\/\/antenajoven.com\/revista\/wp-content\/uploads\/2025\/07\/Antena-Joven-LOGO-v25final-1200x1200-1.png","contentUrl":"https:\/\/antenajoven.com\/revista\/wp-content\/uploads\/2025\/07\/Antena-Joven-LOGO-v25final-1200x1200-1.png","width":1200,"height":1200,"caption":"Antena Joven by Oscar Solano"},"image":{"@id":"https:\/\/antenajoven.com\/revista\/#\/schema\/logo\/image\/"},"sameAs":["https:\/\/www.facebook.com\/antena.joven.cultura.digital","https:\/\/x.com\/AntenaJovenBlog"]},{"@type":"Person","@id":"https:\/\/antenajoven.com\/revista\/#\/schema\/person\/b744e0eb6b876ee67fef1a7ec9253647","name":"os","image":{"@type":"ImageObject","inLanguage":"es","@id":"https:\/\/secure.gravatar.com\/avatar\/c496e927ef21dc5658f4e82f4d1ce03b290bcd255171ae9919c10437678a3c10?s=96&d=mm&r=g","url":"https:\/\/secure.gravatar.com\/avatar\/c496e927ef21dc5658f4e82f4d1ce03b290bcd255171ae9919c10437678a3c10?s=96&d=mm&r=g","contentUrl":"https:\/\/secure.gravatar.com\/avatar\/c496e927ef21dc5658f4e82f4d1ce03b290bcd255171ae9919c10437678a3c10?s=96&d=mm&r=g","caption":"os"},"sameAs":["https:\/\/antenajoven.com\/revista"]}]}},"_links":{"self":[{"href":"https:\/\/antenajoven.com\/revista\/wp-json\/wp\/v2\/posts\/239","targetHints":{"allow":["GET"]}}],"collection":[{"href":"https:\/\/antenajoven.com\/revista\/wp-json\/wp\/v2\/posts"}],"about":[{"href":"https:\/\/antenajoven.com\/revista\/wp-json\/wp\/v2\/types\/post"}],"author":[{"embeddable":true,"href":"https:\/\/antenajoven.com\/revista\/wp-json\/wp\/v2\/users\/1"}],"replies":[{"embeddable":true,"href":"https:\/\/antenajoven.com\/revista\/wp-json\/wp\/v2\/comments?post=239"}],"version-history":[{"count":1,"href":"https:\/\/antenajoven.com\/revista\/wp-json\/wp\/v2\/posts\/239\/revisions"}],"predecessor-version":[{"id":241,"href":"https:\/\/antenajoven.com\/revista\/wp-json\/wp\/v2\/posts\/239\/revisions\/241"}],"wp:featuredmedia":[{"embeddable":true,"href":"https:\/\/antenajoven.com\/revista\/wp-json\/wp\/v2\/media\/240"}],"wp:attachment":[{"href":"https:\/\/antenajoven.com\/revista\/wp-json\/wp\/v2\/media?parent=239"}],"wp:term":[{"taxonomy":"category","embeddable":true,"href":"https:\/\/antenajoven.com\/revista\/wp-json\/wp\/v2\/categories?post=239"},{"taxonomy":"post_tag","embeddable":true,"href":"https:\/\/antenajoven.com\/revista\/wp-json\/wp\/v2\/tags?post=239"}],"curies":[{"name":"wp","href":"https:\/\/api.w.org\/{rel}","templated":true}]}}