{"id":283,"date":"2026-03-16T18:55:40","date_gmt":"2026-03-17T00:55:40","guid":{"rendered":"https:\/\/antenajoven.com\/revista\/?p=283"},"modified":"2026-03-16T19:01:39","modified_gmt":"2026-03-17T01:01:39","slug":"gema-cuervo-homenaje-antena-joven","status":"publish","type":"post","link":"https:\/\/antenajoven.com\/revista\/gema-cuervo-homenaje-antena-joven\/","title":{"rendered":"Adi\u00f3s a Gema Cuervo: La eterna sonrisa de la \u00abRadio Patio\u00bb"},"content":{"rendered":"\n<p id=\"p-rc_353cd5fdb178fc01-19\">El mundo del espect\u00e1culo est\u00e1 de luto. Hoy despedimos a una de las grandes damas de la interpretaci\u00f3n en Espa\u00f1a: <strong>Gema Cuervo<\/strong>.<sup><\/sup> A sus 89 a\u00f1os, la actriz nos deja un legado inmenso que abarca d\u00e9cadas de teatro, cine y televisi\u00f3n, pero sobre todo, nos deja el recuerdo de un personaje que se convirti\u00f3 en parte de nuestras familias.<sup><\/sup><\/p>\n\n\n\n<h3 class=\"wp-block-heading\">M\u00e1s que una vecina, un icono<\/h3>\n\n\n\n<p id=\"p-rc_353cd5fdb178fc01-20\">Para muchas generaciones, Gema siempre ser\u00e1 <strong>Vicenta Benito<\/strong>.<sup><\/sup> Junto a Mariv\u00ed Bilbao (Marisa) y Emma Penella (Concha), form\u00f3 el tr\u00edo de \u00ablas supernenas\u00bb en la m\u00edtica serie <em>Aqu\u00ed no hay quien viva<\/em>.<sup><\/sup> Con su perrito Valent\u00edn y su eterna inocencia (a veces mezclada con un cotilleo magistral), Gema logr\u00f3 algo que pocos actores consiguen: que el p\u00fablico la quisiera de forma un\u00e1nime.<\/p>\n\n\n\n<figure class=\"wp-block-image size-full\"><img loading=\"lazy\" decoding=\"async\" width=\"668\" height=\"539\" src=\"https:\/\/antenajoven.com\/revista\/wp-content\/uploads\/2026\/03\/Gemma-Cuervo.png\" alt=\"Primer plano de Gema Cuervo, Mariv\u00ed Bilbao y Emma Penella interpretando a Vicenta, Marisa y Concha en una escena de Aqu\u00ed no hay quien viva.\" class=\"wp-image-285\" srcset=\"https:\/\/antenajoven.com\/revista\/wp-content\/uploads\/2026\/03\/Gemma-Cuervo.png 668w, https:\/\/antenajoven.com\/revista\/wp-content\/uploads\/2026\/03\/Gemma-Cuervo-300x242.png 300w\" sizes=\"auto, (max-width: 668px) 100vw, 668px\" \/><figcaption class=\"wp-element-caption\">El tr\u00edo m\u00e1s ic\u00f3nico de Desenga\u00f1o 21: Vicenta, Marisa y Concha en plena acci\u00f3n.<\/figcaption><\/figure>\n\n\n\n<h3 class=\"wp-block-heading\">Una carrera de fondo<\/h3>\n\n\n\n<p id=\"p-rc_353cd5fdb178fc01-21\">Aunque la fama masiva le lleg\u00f3 en la madurez gracias a la comedia televisiva, la trayectoria de Gema Cuervo es la de una trabajadora incansable del arte:<sup><\/sup><\/p>\n\n\n\n<ul class=\"wp-block-list\">\n<li><strong>Teatro cl\u00e1sico:<\/strong> Fue una de las figuras m\u00e1s brillantes de la escena espa\u00f1ola, interpretando obras de Lorca, Ch\u00e9jov y Shakespeare.<\/li>\n\n\n\n<li><strong>Cine:<\/strong> Particip\u00f3 en t\u00edtulos emblem\u00e1ticos y trabaj\u00f3 con los directores m\u00e1s respetados del pa\u00eds.<\/li>\n\n\n\n<li><strong>Legado familiar:<\/strong> Madre de los tambi\u00e9n actores Cayetana y Fernando Guill\u00e9n Cuervo, Gema supo transmitir la pasi\u00f3n por la cultura a las siguientes generaciones.<\/li>\n<\/ul>\n\n\n\n<h3 class=\"wp-block-heading\">El mensaje de Antena Joven<\/h3>\n\n\n\n<p>Desde nuestra plataforma, queremos rendir homenaje a su elegancia, su voz inconfundible y esa capacidad de hacernos re\u00edr incluso en los d\u00edas grises. Se va una actriz, pero se queda su trabajo, sus frases ic\u00f3nicas y ese esp\u00edritu vitalista que mantuvo hasta sus \u00faltimos d\u00edas, incluso conectando con los m\u00e1s j\u00f3venes a trav\u00e9s de las redes sociales.<\/p>\n\n\n\n<p><strong>Gracias por tanto, Gema. Buen viaje.<\/strong><\/p>\n\n\n\n<figure class=\"wp-block-embed is-type-video is-provider-youtube wp-block-embed-youtube wp-embed-aspect-16-9 wp-has-aspect-ratio\"><div class=\"wp-block-embed__wrapper\">\n<iframe loading=\"lazy\" title=\"Las mejores frases de Marisa, Vicenta y Concha | Aqu\u00ed no hay quien viva | Netflix Espa\u00f1a\" width=\"960\" height=\"540\" src=\"https:\/\/www.youtube.com\/embed\/NQa0YzoF2nc?feature=oembed\" frameborder=\"0\" allow=\"accelerometer; autoplay; clipboard-write; encrypted-media; gyroscope; picture-in-picture; web-share\" referrerpolicy=\"strict-origin-when-cross-origin\" allowfullscreen><\/iframe>\n<\/div><\/figure>\n\n\n\n<hr class=\"wp-block-separator has-alpha-channel-opacity\"\/>\n\n\n\n<h3 class=\"wp-block-heading\">\ud83d\udcdd Cr\u00e9ditos y Copyright<\/h3>\n\n\n\n<p><strong>Edici\u00f3n y Post-producci\u00f3n:<\/strong> Oscar M. Solano Cordero <\/p>\n\n\n\n<p><strong>Redacci\u00f3n:<\/strong> Antena Joven en colaboraci\u00f3n con Inteligencia Artificial <\/p>\n\n\n\n<p><strong>Copyright:<\/strong> \u00a9 2026 Antena Joven. Todos los derechos reservados. Este contenido se distribuye bajo una licencia de <strong>Copyright Compartido<\/strong>, permitiendo su cita y referencia siempre que se enlace directamente a la fuente original en <a href=\"https:\/\/antenajoven.com\" target=\"_blank\" rel=\"noreferrer noopener\">Antena Joven<\/a>.<\/p>\n\n\n\n<hr class=\"wp-block-separator has-alpha-channel-opacity\"\/>\n\n\n\n<h3 class=\"wp-block-heading\">\ud83d\udcda Referencias y Fuentes Consultadas<\/h3>\n\n\n\n<p>Para asegurar la precisi\u00f3n del art\u00edculo, se han tomado como referencia las siguientes fuentes de autoridad:<\/p>\n\n\n\n<ul class=\"wp-block-list\">\n<li><strong>Archivo Hist\u00f3rico de RTVE:<\/strong> Trayectoria en teatro cl\u00e1sico y Estudio 1.<\/li>\n\n\n\n<li><strong>Redes Oficiales de Gema Cuervo:<\/strong> Perfiles verificados de Instagram y TikTok (contenido actual y mensajes a seguidores).<\/li>\n\n\n\n<li><strong>Base de Datos del Cine Espa\u00f1ol (ICAA):<\/strong> Filmograf\u00eda completa y reconocimientos.<\/li>\n\n\n\n<li><strong>Ficha T\u00e9cnica de \u00abAqu\u00ed no hay quien viva\u00bb:<\/strong> Detalles del personaje de Vicenta Benito.<\/li>\n<\/ul>\n\n\n\n<p><\/p>\n","protected":false},"excerpt":{"rendered":"<p>Descubre el homenaje de Antena Joven a Gema Cuervo. De su ic\u00f3nica Vicenta en \u00abAqu\u00ed no hay quien viva\u00bb a su \u00e9xito viral en redes. \u00a1Larga vida a la \u00faltima Supernena!<\/p>\n","protected":false},"author":1,"featured_media":284,"comment_status":"open","ping_status":"open","sticky":false,"template":"","format":"standard","meta":{"om_disable_all_campaigns":false,"_monsterinsights_skip_tracking":false,"_monsterinsights_sitenote_active":false,"_monsterinsights_sitenote_note":"","_monsterinsights_sitenote_category":0,"footnotes":""},"categories":[460,459,463,464],"tags":[469,66,466,465,470,462,468,461,467],"class_list":["post-283","post","type-post","status-publish","format-standard","has-post-thumbnail","hentry","category-cultura","category-entretenimiento","category-personajes-iconicos","category-television-espanola","tag-actrices-espanolas","tag-antena-joven","tag-aqui-no-hay-quien-viva","tag-gema-cuervo","tag-leyendas-de-la-tv","tag-personajes-iconicos","tag-radio-patio","tag-television-espanola","tag-vicenta"],"yoast_head":"<!-- This site is optimized with the Yoast SEO plugin v27.5 - https:\/\/yoast.com\/product\/yoast-seo-wordpress\/ -->\n<title>Adi\u00f3s a Gema Cuervo: La eterna sonrisa de la &quot;Radio Patio&quot; \u2013 Gema Cuervo: Vida y Legado de la Actriz de &quot;Aqu\u00ed no hay quien viva&quot; | Antena Joven<\/title>\n<meta name=\"description\" content=\"Descubre el homenaje de Antena Joven a Gema Cuervo. De su ic\u00f3nica Vicenta en &quot;Aqu\u00ed no hay quien viva&quot; a su \u00e9xito viral en redes. \u00a1Larga vida a la \u00faltima Supernena! | Antena Joven \u2013 Cultura Digital: Opini\u00f3n, s\u00e1tira y tendencias en series y entretenimiento.\" \/>\n<meta name=\"robots\" content=\"index, follow, max-snippet:-1, max-image-preview:large, max-video-preview:-1\" \/>\n<link rel=\"canonical\" href=\"https:\/\/antenajoven.com\/revista\/gema-cuervo-homenaje-antena-joven\/\" \/>\n<meta property=\"og:locale\" content=\"es_ES\" \/>\n<meta property=\"og:type\" content=\"article\" \/>\n<meta property=\"og:title\" content=\"\u00a1Nuestra &quot;Supernena&quot; favorita est\u00e1 m\u00e1s vigente que nunca!\" \/>\n<meta property=\"og:description\" content=\"\ud83c\udf1f Repasamos la huella imborrable de Gema Cuervo, desde Desenga\u00f1o 21 hasta su ternura en redes sociales. Leer m\u00e1s en Antena Joven.\" \/>\n<meta property=\"og:url\" content=\"https:\/\/antenajoven.com\/revista\/gema-cuervo-homenaje-antena-joven\/\" \/>\n<meta property=\"og:site_name\" content=\"Antena Joven - Cultura Digital\" \/>\n<meta property=\"article:publisher\" content=\"https:\/\/www.facebook.com\/antena.joven.cultura.digital\" \/>\n<meta property=\"article:published_time\" content=\"2026-03-17T00:55:40+00:00\" \/>\n<meta property=\"article:modified_time\" content=\"2026-03-17T01:01:39+00:00\" \/>\n<meta property=\"og:image\" content=\"https:\/\/antenajoven.com\/revista\/wp-content\/uploads\/2026\/03\/Gemma-Cuervo-Antena-Joven.jpg\" \/>\n\t<meta property=\"og:image:width\" content=\"1053\" \/>\n\t<meta property=\"og:image:height\" content=\"700\" \/>\n\t<meta property=\"og:image:type\" content=\"image\/jpeg\" \/>\n<meta name=\"author\" content=\"os\" \/>\n<meta name=\"twitter:card\" content=\"summary_large_image\" \/>\n<meta name=\"twitter:title\" content=\"\u00bfQui\u00e9n no am\u00f3 a Vicenta en #ANHQV?\" \/>\n<meta name=\"twitter:description\" content=\"\ud83c\udfe0 Hoy en Antena Joven rendimos homenaje a la gran Gema Cuervo, una actriz que ha sabido unir a todas las generaciones. #GemaCuervo #AntenaJoven\" \/>\n<meta name=\"twitter:image\" content=\"https:\/\/antenajoven.com\/revista\/wp-content\/uploads\/2026\/03\/Gemma-Cuervo-Antena-Joven.jpg\" \/>\n<meta name=\"twitter:creator\" content=\"@AntenaJovenBlog\" \/>\n<meta name=\"twitter:site\" content=\"@AntenaJovenBlog\" \/>\n<meta name=\"twitter:label1\" content=\"Escrito por\" \/>\n\t<meta name=\"twitter:data1\" content=\"os\" \/>\n\t<meta name=\"twitter:label2\" content=\"Tiempo de lectura\" \/>\n\t<meta name=\"twitter:data2\" content=\"3 minutos\" \/>\n<script type=\"application\/ld+json\" class=\"yoast-schema-graph\">{\"@context\":\"https:\\\/\\\/schema.org\",\"@graph\":[{\"@type\":[\"Article\",\"BlogPosting\"],\"@id\":\"https:\\\/\\\/antenajoven.com\\\/revista\\\/gema-cuervo-homenaje-antena-joven\\\/#article\",\"isPartOf\":{\"@id\":\"https:\\\/\\\/antenajoven.com\\\/revista\\\/gema-cuervo-homenaje-antena-joven\\\/\"},\"author\":{\"name\":\"os\",\"@id\":\"https:\\\/\\\/antenajoven.com\\\/revista\\\/#\\\/schema\\\/person\\\/b744e0eb6b876ee67fef1a7ec9253647\"},\"headline\":\"Adi\u00f3s a Gema Cuervo: La eterna sonrisa de la \u00abRadio Patio\u00bb\",\"datePublished\":\"2026-03-17T00:55:40+00:00\",\"dateModified\":\"2026-03-17T01:01:39+00:00\",\"mainEntityOfPage\":{\"@id\":\"https:\\\/\\\/antenajoven.com\\\/revista\\\/gema-cuervo-homenaje-antena-joven\\\/\"},\"wordCount\":486,\"commentCount\":0,\"publisher\":{\"@id\":\"https:\\\/\\\/antenajoven.com\\\/revista\\\/#organization\"},\"image\":{\"@id\":\"https:\\\/\\\/antenajoven.com\\\/revista\\\/gema-cuervo-homenaje-antena-joven\\\/#primaryimage\"},\"thumbnailUrl\":\"https:\\\/\\\/antenajoven.com\\\/revista\\\/wp-content\\\/uploads\\\/2026\\\/03\\\/Gemma-Cuervo-Antena-Joven.jpg\",\"keywords\":[\"Actrices Espa\u00f1olas\",\"antena joven\",\"Aqu\u00ed No Hay Quien Viva\",\"Gema Cuervo\",\"Leyendas de la TV\",\"Personajes Ic\u00f3nicos\",\"Radio Patio\",\"Televisi\u00f3n Espa\u00f1ola\",\"Vicenta\"],\"articleSection\":[\"Cultura\",\"Entretenimiento\",\"Personajes Ic\u00f3nicos\",\"Televisi\u00f3n Espa\u00f1ola\"],\"inLanguage\":\"es\",\"potentialAction\":[{\"@type\":\"CommentAction\",\"name\":\"Comment\",\"target\":[\"https:\\\/\\\/antenajoven.com\\\/revista\\\/gema-cuervo-homenaje-antena-joven\\\/#respond\"]}]},{\"@type\":[\"WebPage\",\"ItemPage\"],\"@id\":\"https:\\\/\\\/antenajoven.com\\\/revista\\\/gema-cuervo-homenaje-antena-joven\\\/\",\"url\":\"https:\\\/\\\/antenajoven.com\\\/revista\\\/gema-cuervo-homenaje-antena-joven\\\/\",\"name\":\"Adi\u00f3s a Gema Cuervo: La eterna sonrisa de la \\\"Radio Patio\\\" \u2013 Gema Cuervo: Vida y Legado de la Actriz de \\\"Aqu\u00ed no hay quien viva\\\" | Antena Joven\",\"isPartOf\":{\"@id\":\"https:\\\/\\\/antenajoven.com\\\/revista\\\/#website\"},\"primaryImageOfPage\":{\"@id\":\"https:\\\/\\\/antenajoven.com\\\/revista\\\/gema-cuervo-homenaje-antena-joven\\\/#primaryimage\"},\"image\":{\"@id\":\"https:\\\/\\\/antenajoven.com\\\/revista\\\/gema-cuervo-homenaje-antena-joven\\\/#primaryimage\"},\"thumbnailUrl\":\"https:\\\/\\\/antenajoven.com\\\/revista\\\/wp-content\\\/uploads\\\/2026\\\/03\\\/Gemma-Cuervo-Antena-Joven.jpg\",\"datePublished\":\"2026-03-17T00:55:40+00:00\",\"dateModified\":\"2026-03-17T01:01:39+00:00\",\"description\":\"Descubre el homenaje de Antena Joven a Gema Cuervo. De su ic\u00f3nica Vicenta en \\\"Aqu\u00ed no hay quien viva\\\" a su \u00e9xito viral en redes. \u00a1Larga vida a la \u00faltima Supernena! | Antena Joven \u2013 Cultura Digital: Opini\u00f3n, s\u00e1tira y tendencias en series y entretenimiento.\",\"breadcrumb\":{\"@id\":\"https:\\\/\\\/antenajoven.com\\\/revista\\\/gema-cuervo-homenaje-antena-joven\\\/#breadcrumb\"},\"inLanguage\":\"es\",\"potentialAction\":[{\"@type\":\"ReadAction\",\"target\":[\"https:\\\/\\\/antenajoven.com\\\/revista\\\/gema-cuervo-homenaje-antena-joven\\\/\"]}]},{\"@type\":\"ImageObject\",\"inLanguage\":\"es\",\"@id\":\"https:\\\/\\\/antenajoven.com\\\/revista\\\/gema-cuervo-homenaje-antena-joven\\\/#primaryimage\",\"url\":\"https:\\\/\\\/antenajoven.com\\\/revista\\\/wp-content\\\/uploads\\\/2026\\\/03\\\/Gemma-Cuervo-Antena-Joven.jpg\",\"contentUrl\":\"https:\\\/\\\/antenajoven.com\\\/revista\\\/wp-content\\\/uploads\\\/2026\\\/03\\\/Gemma-Cuervo-Antena-Joven.jpg\",\"width\":1053,\"height\":700,\"caption\":\"Gema Cuervo, una trayectoria impecable que une el teatro cl\u00e1sico con el \u00e9xito televisivo.\"},{\"@type\":\"BreadcrumbList\",\"@id\":\"https:\\\/\\\/antenajoven.com\\\/revista\\\/gema-cuervo-homenaje-antena-joven\\\/#breadcrumb\",\"itemListElement\":[{\"@type\":\"ListItem\",\"position\":1,\"name\":\"Inicio\",\"item\":\"https:\\\/\\\/antenajoven.com\\\/revista\\\/\"},{\"@type\":\"ListItem\",\"position\":2,\"name\":\"Entretenimiento\",\"item\":\"https:\\\/\\\/antenajoven.com\\\/revista\\\/category\\\/entretenimiento\\\/\"},{\"@type\":\"ListItem\",\"position\":3,\"name\":\"Adi\u00f3s a Gema Cuervo: La eterna sonrisa de la \u00abRadio Patio\u00bb\"}]},{\"@type\":\"WebSite\",\"@id\":\"https:\\\/\\\/antenajoven.com\\\/revista\\\/#website\",\"url\":\"https:\\\/\\\/antenajoven.com\\\/revista\\\/\",\"name\":\"Antena Joven - Cultura Digital\",\"description\":\"Antena Joven \u2013 Cultura Digital: Series, entretenimiento y cr\u00edtica con voz joven.\",\"publisher\":{\"@id\":\"https:\\\/\\\/antenajoven.com\\\/revista\\\/#organization\"},\"potentialAction\":[{\"@type\":\"SearchAction\",\"target\":{\"@type\":\"EntryPoint\",\"urlTemplate\":\"https:\\\/\\\/antenajoven.com\\\/revista\\\/?s={search_term_string}\"},\"query-input\":{\"@type\":\"PropertyValueSpecification\",\"valueRequired\":true,\"valueName\":\"search_term_string\"}}],\"inLanguage\":\"es\"},{\"@type\":\"Organization\",\"@id\":\"https:\\\/\\\/antenajoven.com\\\/revista\\\/#organization\",\"name\":\"Antena Joven by Oscar Solano\",\"url\":\"https:\\\/\\\/antenajoven.com\\\/revista\\\/\",\"logo\":{\"@type\":\"ImageObject\",\"inLanguage\":\"es\",\"@id\":\"https:\\\/\\\/antenajoven.com\\\/revista\\\/#\\\/schema\\\/logo\\\/image\\\/\",\"url\":\"https:\\\/\\\/antenajoven.com\\\/revista\\\/wp-content\\\/uploads\\\/2025\\\/07\\\/Antena-Joven-LOGO-v25final-1200x1200-1.png\",\"contentUrl\":\"https:\\\/\\\/antenajoven.com\\\/revista\\\/wp-content\\\/uploads\\\/2025\\\/07\\\/Antena-Joven-LOGO-v25final-1200x1200-1.png\",\"width\":1200,\"height\":1200,\"caption\":\"Antena Joven by Oscar Solano\"},\"image\":{\"@id\":\"https:\\\/\\\/antenajoven.com\\\/revista\\\/#\\\/schema\\\/logo\\\/image\\\/\"},\"sameAs\":[\"https:\\\/\\\/www.facebook.com\\\/antena.joven.cultura.digital\",\"https:\\\/\\\/x.com\\\/AntenaJovenBlog\"]},{\"@type\":\"Person\",\"@id\":\"https:\\\/\\\/antenajoven.com\\\/revista\\\/#\\\/schema\\\/person\\\/b744e0eb6b876ee67fef1a7ec9253647\",\"name\":\"os\",\"image\":{\"@type\":\"ImageObject\",\"inLanguage\":\"es\",\"@id\":\"https:\\\/\\\/secure.gravatar.com\\\/avatar\\\/c496e927ef21dc5658f4e82f4d1ce03b290bcd255171ae9919c10437678a3c10?s=96&d=mm&r=g\",\"url\":\"https:\\\/\\\/secure.gravatar.com\\\/avatar\\\/c496e927ef21dc5658f4e82f4d1ce03b290bcd255171ae9919c10437678a3c10?s=96&d=mm&r=g\",\"contentUrl\":\"https:\\\/\\\/secure.gravatar.com\\\/avatar\\\/c496e927ef21dc5658f4e82f4d1ce03b290bcd255171ae9919c10437678a3c10?s=96&d=mm&r=g\",\"caption\":\"os\"},\"sameAs\":[\"https:\\\/\\\/antenajoven.com\\\/revista\"]}]}<\/script>\n<!-- \/ Yoast SEO plugin. -->","yoast_head_json":{"title":"Adi\u00f3s a Gema Cuervo: La eterna sonrisa de la \"Radio Patio\" \u2013 Gema Cuervo: Vida y Legado de la Actriz de \"Aqu\u00ed no hay quien viva\" | Antena Joven","description":"Descubre el homenaje de Antena Joven a Gema Cuervo. De su ic\u00f3nica Vicenta en \"Aqu\u00ed no hay quien viva\" a su \u00e9xito viral en redes. \u00a1Larga vida a la \u00faltima Supernena! | Antena Joven \u2013 Cultura Digital: Opini\u00f3n, s\u00e1tira y tendencias en series y entretenimiento.","robots":{"index":"index","follow":"follow","max-snippet":"max-snippet:-1","max-image-preview":"max-image-preview:large","max-video-preview":"max-video-preview:-1"},"canonical":"https:\/\/antenajoven.com\/revista\/gema-cuervo-homenaje-antena-joven\/","og_locale":"es_ES","og_type":"article","og_title":"\u00a1Nuestra \"Supernena\" favorita est\u00e1 m\u00e1s vigente que nunca!","og_description":"\ud83c\udf1f Repasamos la huella imborrable de Gema Cuervo, desde Desenga\u00f1o 21 hasta su ternura en redes sociales. Leer m\u00e1s en Antena Joven.","og_url":"https:\/\/antenajoven.com\/revista\/gema-cuervo-homenaje-antena-joven\/","og_site_name":"Antena Joven - Cultura Digital","article_publisher":"https:\/\/www.facebook.com\/antena.joven.cultura.digital","article_published_time":"2026-03-17T00:55:40+00:00","article_modified_time":"2026-03-17T01:01:39+00:00","og_image":[{"width":1053,"height":700,"url":"https:\/\/antenajoven.com\/revista\/wp-content\/uploads\/2026\/03\/Gemma-Cuervo-Antena-Joven.jpg","type":"image\/jpeg"}],"author":"os","twitter_card":"summary_large_image","twitter_title":"\u00bfQui\u00e9n no am\u00f3 a Vicenta en #ANHQV?","twitter_description":"\ud83c\udfe0 Hoy en Antena Joven rendimos homenaje a la gran Gema Cuervo, una actriz que ha sabido unir a todas las generaciones. #GemaCuervo #AntenaJoven","twitter_image":"https:\/\/antenajoven.com\/revista\/wp-content\/uploads\/2026\/03\/Gemma-Cuervo-Antena-Joven.jpg","twitter_creator":"@AntenaJovenBlog","twitter_site":"@AntenaJovenBlog","twitter_misc":{"Escrito por":"os","Tiempo de lectura":"3 minutos"},"schema":{"@context":"https:\/\/schema.org","@graph":[{"@type":["Article","BlogPosting"],"@id":"https:\/\/antenajoven.com\/revista\/gema-cuervo-homenaje-antena-joven\/#article","isPartOf":{"@id":"https:\/\/antenajoven.com\/revista\/gema-cuervo-homenaje-antena-joven\/"},"author":{"name":"os","@id":"https:\/\/antenajoven.com\/revista\/#\/schema\/person\/b744e0eb6b876ee67fef1a7ec9253647"},"headline":"Adi\u00f3s a Gema Cuervo: La eterna sonrisa de la \u00abRadio Patio\u00bb","datePublished":"2026-03-17T00:55:40+00:00","dateModified":"2026-03-17T01:01:39+00:00","mainEntityOfPage":{"@id":"https:\/\/antenajoven.com\/revista\/gema-cuervo-homenaje-antena-joven\/"},"wordCount":486,"commentCount":0,"publisher":{"@id":"https:\/\/antenajoven.com\/revista\/#organization"},"image":{"@id":"https:\/\/antenajoven.com\/revista\/gema-cuervo-homenaje-antena-joven\/#primaryimage"},"thumbnailUrl":"https:\/\/antenajoven.com\/revista\/wp-content\/uploads\/2026\/03\/Gemma-Cuervo-Antena-Joven.jpg","keywords":["Actrices Espa\u00f1olas","antena joven","Aqu\u00ed No Hay Quien Viva","Gema Cuervo","Leyendas de la TV","Personajes Ic\u00f3nicos","Radio Patio","Televisi\u00f3n Espa\u00f1ola","Vicenta"],"articleSection":["Cultura","Entretenimiento","Personajes Ic\u00f3nicos","Televisi\u00f3n Espa\u00f1ola"],"inLanguage":"es","potentialAction":[{"@type":"CommentAction","name":"Comment","target":["https:\/\/antenajoven.com\/revista\/gema-cuervo-homenaje-antena-joven\/#respond"]}]},{"@type":["WebPage","ItemPage"],"@id":"https:\/\/antenajoven.com\/revista\/gema-cuervo-homenaje-antena-joven\/","url":"https:\/\/antenajoven.com\/revista\/gema-cuervo-homenaje-antena-joven\/","name":"Adi\u00f3s a Gema Cuervo: La eterna sonrisa de la \"Radio Patio\" \u2013 Gema Cuervo: Vida y Legado de la Actriz de \"Aqu\u00ed no hay quien viva\" | Antena Joven","isPartOf":{"@id":"https:\/\/antenajoven.com\/revista\/#website"},"primaryImageOfPage":{"@id":"https:\/\/antenajoven.com\/revista\/gema-cuervo-homenaje-antena-joven\/#primaryimage"},"image":{"@id":"https:\/\/antenajoven.com\/revista\/gema-cuervo-homenaje-antena-joven\/#primaryimage"},"thumbnailUrl":"https:\/\/antenajoven.com\/revista\/wp-content\/uploads\/2026\/03\/Gemma-Cuervo-Antena-Joven.jpg","datePublished":"2026-03-17T00:55:40+00:00","dateModified":"2026-03-17T01:01:39+00:00","description":"Descubre el homenaje de Antena Joven a Gema Cuervo. De su ic\u00f3nica Vicenta en \"Aqu\u00ed no hay quien viva\" a su \u00e9xito viral en redes. \u00a1Larga vida a la \u00faltima Supernena! | Antena Joven \u2013 Cultura Digital: Opini\u00f3n, s\u00e1tira y tendencias en series y entretenimiento.","breadcrumb":{"@id":"https:\/\/antenajoven.com\/revista\/gema-cuervo-homenaje-antena-joven\/#breadcrumb"},"inLanguage":"es","potentialAction":[{"@type":"ReadAction","target":["https:\/\/antenajoven.com\/revista\/gema-cuervo-homenaje-antena-joven\/"]}]},{"@type":"ImageObject","inLanguage":"es","@id":"https:\/\/antenajoven.com\/revista\/gema-cuervo-homenaje-antena-joven\/#primaryimage","url":"https:\/\/antenajoven.com\/revista\/wp-content\/uploads\/2026\/03\/Gemma-Cuervo-Antena-Joven.jpg","contentUrl":"https:\/\/antenajoven.com\/revista\/wp-content\/uploads\/2026\/03\/Gemma-Cuervo-Antena-Joven.jpg","width":1053,"height":700,"caption":"Gema Cuervo, una trayectoria impecable que une el teatro cl\u00e1sico con el \u00e9xito televisivo."},{"@type":"BreadcrumbList","@id":"https:\/\/antenajoven.com\/revista\/gema-cuervo-homenaje-antena-joven\/#breadcrumb","itemListElement":[{"@type":"ListItem","position":1,"name":"Inicio","item":"https:\/\/antenajoven.com\/revista\/"},{"@type":"ListItem","position":2,"name":"Entretenimiento","item":"https:\/\/antenajoven.com\/revista\/category\/entretenimiento\/"},{"@type":"ListItem","position":3,"name":"Adi\u00f3s a Gema Cuervo: La eterna sonrisa de la \u00abRadio Patio\u00bb"}]},{"@type":"WebSite","@id":"https:\/\/antenajoven.com\/revista\/#website","url":"https:\/\/antenajoven.com\/revista\/","name":"Antena Joven - Cultura Digital","description":"Antena Joven \u2013 Cultura Digital: Series, entretenimiento y cr\u00edtica con voz joven.","publisher":{"@id":"https:\/\/antenajoven.com\/revista\/#organization"},"potentialAction":[{"@type":"SearchAction","target":{"@type":"EntryPoint","urlTemplate":"https:\/\/antenajoven.com\/revista\/?s={search_term_string}"},"query-input":{"@type":"PropertyValueSpecification","valueRequired":true,"valueName":"search_term_string"}}],"inLanguage":"es"},{"@type":"Organization","@id":"https:\/\/antenajoven.com\/revista\/#organization","name":"Antena Joven by Oscar Solano","url":"https:\/\/antenajoven.com\/revista\/","logo":{"@type":"ImageObject","inLanguage":"es","@id":"https:\/\/antenajoven.com\/revista\/#\/schema\/logo\/image\/","url":"https:\/\/antenajoven.com\/revista\/wp-content\/uploads\/2025\/07\/Antena-Joven-LOGO-v25final-1200x1200-1.png","contentUrl":"https:\/\/antenajoven.com\/revista\/wp-content\/uploads\/2025\/07\/Antena-Joven-LOGO-v25final-1200x1200-1.png","width":1200,"height":1200,"caption":"Antena Joven by Oscar Solano"},"image":{"@id":"https:\/\/antenajoven.com\/revista\/#\/schema\/logo\/image\/"},"sameAs":["https:\/\/www.facebook.com\/antena.joven.cultura.digital","https:\/\/x.com\/AntenaJovenBlog"]},{"@type":"Person","@id":"https:\/\/antenajoven.com\/revista\/#\/schema\/person\/b744e0eb6b876ee67fef1a7ec9253647","name":"os","image":{"@type":"ImageObject","inLanguage":"es","@id":"https:\/\/secure.gravatar.com\/avatar\/c496e927ef21dc5658f4e82f4d1ce03b290bcd255171ae9919c10437678a3c10?s=96&d=mm&r=g","url":"https:\/\/secure.gravatar.com\/avatar\/c496e927ef21dc5658f4e82f4d1ce03b290bcd255171ae9919c10437678a3c10?s=96&d=mm&r=g","contentUrl":"https:\/\/secure.gravatar.com\/avatar\/c496e927ef21dc5658f4e82f4d1ce03b290bcd255171ae9919c10437678a3c10?s=96&d=mm&r=g","caption":"os"},"sameAs":["https:\/\/antenajoven.com\/revista"]}]}},"_links":{"self":[{"href":"https:\/\/antenajoven.com\/revista\/wp-json\/wp\/v2\/posts\/283","targetHints":{"allow":["GET"]}}],"collection":[{"href":"https:\/\/antenajoven.com\/revista\/wp-json\/wp\/v2\/posts"}],"about":[{"href":"https:\/\/antenajoven.com\/revista\/wp-json\/wp\/v2\/types\/post"}],"author":[{"embeddable":true,"href":"https:\/\/antenajoven.com\/revista\/wp-json\/wp\/v2\/users\/1"}],"replies":[{"embeddable":true,"href":"https:\/\/antenajoven.com\/revista\/wp-json\/wp\/v2\/comments?post=283"}],"version-history":[{"count":1,"href":"https:\/\/antenajoven.com\/revista\/wp-json\/wp\/v2\/posts\/283\/revisions"}],"predecessor-version":[{"id":286,"href":"https:\/\/antenajoven.com\/revista\/wp-json\/wp\/v2\/posts\/283\/revisions\/286"}],"wp:featuredmedia":[{"embeddable":true,"href":"https:\/\/antenajoven.com\/revista\/wp-json\/wp\/v2\/media\/284"}],"wp:attachment":[{"href":"https:\/\/antenajoven.com\/revista\/wp-json\/wp\/v2\/media?parent=283"}],"wp:term":[{"taxonomy":"category","embeddable":true,"href":"https:\/\/antenajoven.com\/revista\/wp-json\/wp\/v2\/categories?post=283"},{"taxonomy":"post_tag","embeddable":true,"href":"https:\/\/antenajoven.com\/revista\/wp-json\/wp\/v2\/tags?post=283"}],"curies":[{"name":"wp","href":"https:\/\/api.w.org\/{rel}","templated":true}]}}