{"id":314,"date":"2026-03-18T21:19:13","date_gmt":"2026-03-19T03:19:13","guid":{"rendered":"https:\/\/antenajoven.com\/revista\/?p=314"},"modified":"2026-03-18T21:29:29","modified_gmt":"2026-03-19T03:29:29","slug":"slug-url-denuncia-panaderia-dona-vera-minisuper-el-resi-cartago","status":"publish","type":"post","link":"https:\/\/antenajoven.com\/revista\/slug-url-denuncia-panaderia-dona-vera-minisuper-el-resi-cartago\/","title":{"rendered":"\u00bfEmprendimiento o Descaro? La cuestionable gesti\u00f3n de \u00abDo\u00f1a Vera\u00bb y el \u00abMinis\u00faper El Resi\u00bb en Cartago"},"content":{"rendered":"\n<h3 class=\"wp-block-heading\"><strong>Una fachada que cambia, pero pr\u00e1cticas que persisten<\/strong><\/h3>\n\n\n\n<p>Lo que comenz\u00f3 como la <strong>Panader\u00eda Do\u00f1a Vera<\/strong> en el Residencial Cartago parece haber mutado, no por una mejora en el servicio, sino como una aparente estrategia para evadir las constantes cr\u00edticas de sus usuarios. Tras una ola de denuncias en redes sociales por cobros indebidos y mala calidad, el establecimiento opt\u00f3 por borrar su rastro digital y rebautizarse como <strong>\u00abMinis\u00faper El Resi\u00bb<\/strong>. Sin embargo, el cambio de nombre no ha logrado ocultar una realidad que golpea el bolsillo de los vecinos.<\/p>\n\n\n\n<h3 class=\"wp-block-heading\"><strong>Reposter\u00eda: Precios de lujo para productos \u00abde aire\u00bb<\/strong><\/h3>\n\n\n\n<p>La denuncia principal radica en una relaci\u00f3n calidad-precio inexistente. Cobrar aproximadamente <strong>1,500 colones<\/strong> por una enchilada o un prusiano sugerir\u00eda una reposter\u00eda gourmet, pero la sorpresa llega al primer bocado: productos tiesos, salados y, lo m\u00e1s grave, con rellenos inexistentes. \u00abM\u00e1s huecas que el planeta tierra\u00bb, describen los usuarios a las empanadas de chiverre y pi\u00f1a, donde encontrar un hilo de carne mechada se convierte en una loter\u00eda.<\/p>\n\n\n\n<h3 class=\"wp-block-heading\"><strong>Un eco de indignaci\u00f3n: Del Residencial Cartago al Molino<\/strong><\/h3>\n\n\n\n<p>Esta situaci\u00f3n no es exclusiva de un solo sector. Vecinos del <strong>Residencial El Molino<\/strong> tambi\u00e9n han secundado estas denuncias, confirmando que el patr\u00f3n de precios inflados y calidad \u00ednfima es la constante de este negocio. El descontento se extiende por la zona, se\u00f1alando que la \u00abreposter\u00eda\u00bb vendida carece de frescura, siendo calificada frecuentemente como a\u00f1eja.<\/p>\n\n\n\n<h3 class=\"wp-block-heading\"><strong>Irregularidades en el cobro y servicio al cliente<\/strong><\/h3>\n\n\n\n<p>El malestar trasciende lo gastron\u00f3mico. La gesti\u00f3n de pagos presenta fallos que parecen sistem\u00e1ticos:<\/p>\n\n\n\n<ul class=\"wp-block-list\">\n<li><strong>Dat\u00e1fonos \u00abfuera de servicio\u00bb:<\/strong> Una constante que obliga al cliente a recurrir al SINPE o efectivo, limitando el uso de tarjetas de cr\u00e9dito y dificultando el control de gastos del usuario.<\/li>\n\n\n\n<li><strong>Errores de facturaci\u00f3n:<\/strong> Se han reportado casos de cobros dobles y diferencias de precios arbitrarias. Un ejemplo claro es la Coca-Cola de 2.5L, cobrada hasta en <strong>1,400 colones<\/strong>, muy por encima del precio de mercado.<\/li>\n\n\n\n<li><strong>Atenci\u00f3n Deplorable:<\/strong> Ante los reclamos leg\u00edtimos, la respuesta suele ser la indiferencia o la devoluci\u00f3n del dinero \u00aba rega\u00f1adientes\u00bb solo tras ser detectados en el acto.<\/li>\n<\/ul>\n\n\n\n<figure class=\"wp-block-image size-large\"><img loading=\"lazy\" decoding=\"async\" width=\"1024\" height=\"572\" src=\"https:\/\/antenajoven.com\/revista\/wp-content\/uploads\/2026\/03\/datafono-no-sirve-1024x572.webp\" alt=\"\" class=\"wp-image-319\" srcset=\"https:\/\/antenajoven.com\/revista\/wp-content\/uploads\/2026\/03\/datafono-no-sirve-1024x572.webp 1024w, https:\/\/antenajoven.com\/revista\/wp-content\/uploads\/2026\/03\/datafono-no-sirve-300x167.webp 300w, https:\/\/antenajoven.com\/revista\/wp-content\/uploads\/2026\/03\/datafono-no-sirve-768x429.webp 768w, https:\/\/antenajoven.com\/revista\/wp-content\/uploads\/2026\/03\/datafono-no-sirve.webp 1376w\" sizes=\"auto, (max-width: 1024px) 100vw, 1024px\" \/><\/figure>\n\n\n\n<h3 class=\"wp-block-heading\"><strong>Deficiencias t\u00e9cnicas y reventa desproporcionada<\/strong><\/h3>\n\n\n\n<p>El estado del local es otro punto cr\u00edtico. Las c\u00e1maras de refrigeraci\u00f3n y congeladores presentan fallos constantes, resultando en helados derretidos y productos mal conservados. Adem\u00e1s, se denuncia la reventa de productos de cadenas de mayoreo (como PriceSmart) con m\u00e1rgenes de ganancia abusivos; por ejemplo, pizzas personales vendidas a m\u00e1s de 1,500 colones por unidad, cuando su costo original es una fracci\u00f3n de esa cifra.<\/p>\n\n\n\n<h3 class=\"wp-block-heading\"><strong>Conclusi\u00f3n<\/strong><\/h3>\n\n\n\n<p>La comunidad de Cartago, desde el Residencial Cartago hasta El Molino, merece respeto y transparencia. El cambio de nombre de un local no borra la trayectoria de un servicio deficiente. Esta <strong>Tribuna Abierta<\/strong> queda como constancia de que el consumidor est\u00e1 alerta y que el silencio no es opci\u00f3n ante el descaro comercial.<\/p>\n\n\n\n<p><strong>Deficiencias t\u00e9cnicas y reventa desproporcionada<\/strong> El estado del local tambi\u00e9n deja mucho que desear. Las c\u00e1maras de refrigeraci\u00f3n y congeladores presentan fallos constantes, resultando en helados derretidos y productos mal conservados que aun as\u00ed se venden a precios elevados.<\/p>\n\n\n\n<hr class=\"wp-block-separator has-alpha-channel-opacity\"\/>\n\n\n\n<p><em><strong>Nota del Editor:<\/strong> Este art\u00edculo ha sido redactado bajo la secci\u00f3n de <strong>Tribuna Abierta<\/strong>, un espacio dedicado a la denuncia ciudadana y la libertad de expresi\u00f3n de nuestros lectores. La intenci\u00f3n de esta nota no es el ataque personal, sino el ejercicio del derecho a la informaci\u00f3n y la defensa del consumidor ante pr\u00e1cticas comerciales que afectan el bolsillo de los vecinos de <strong>Residencial Cartago<\/strong>, <strong>Residencial El Molino<\/strong> y zonas aleda\u00f1as.<\/em><\/p>\n\n\n\n<p><em>En Antena Joven, creemos en la transparencia y el comercio justo. Si usted ha sido v\u00edctima de situaciones similares o, por el contrario, desea ejercer su derecho de respuesta, nuestros canales de comunicaci\u00f3n est\u00e1n abiertos. <strong>El silencio solo perpet\u00faa el abuso.<\/strong><\/em><\/p>\n\n\n\n<p><strong>Autor:<\/strong> Redacci\u00f3n Antena Joven (Colaboraci\u00f3n Ciudadana)<\/p>\n","protected":false},"excerpt":{"rendered":"<p>\u00bfPanader\u00eda de calidad o espejismo caro? Descubra por qu\u00e9 Do\u00f1a Vera (ahora Minis\u00faper El Resi) indigna a vecinos del Residencial Cartago y El Molino con productos \u00abhuecos\u00bb y cobros indebidos.<\/p>\n","protected":false},"author":1,"featured_media":316,"comment_status":"open","ping_status":"open","sticky":false,"template":"","format":"standard","meta":{"om_disable_all_campaigns":false,"_monsterinsights_skip_tracking":false,"_monsterinsights_sitenote_active":false,"_monsterinsights_sitenote_note":"","_monsterinsights_sitenote_category":0,"footnotes":""},"categories":[534,535,533],"tags":[539,76,82,540,538,537,536],"class_list":["post-314","post","type-post","status-publish","format-standard","has-post-thumbnail","hentry","category-actualidad-local","category-consumo-responsable","category-denuncia-ciudadana","tag-abuso-al-consumidor","tag-cartago","tag-costa-rica","tag-denuncia","tag-minisuper-el-resi","tag-panaderia-dona-vera","tag-residencial-cartago"],"yoast_head":"<!-- This site is optimized with the Yoast SEO plugin v27.5 - https:\/\/yoast.com\/product\/yoast-seo-wordpress\/ -->\n<title>\u00bfEmprendimiento o Descaro? La cuestionable gesti\u00f3n de &quot;Do\u00f1a Vera&quot; y el &quot;Minis\u00faper El Resi&quot; en Cartago \u2013 An\u00e1lisis en Antena Joven \u2013 Cultura Digital: Opini\u00f3n y s\u00e1tira sobre series, entretenimiento y cultura online.<\/title>\n<meta name=\"description\" content=\"\u00bfPanader\u00eda de calidad o espejismo caro? Descubra por qu\u00e9 Do\u00f1a Vera (ahora Minis\u00faper El Resi) indigna a vecinos del Residencial Cartago y El Molino con productos &quot;huecos&quot; y cobros indebidos. | Antena Joven \u2013 Cultura Digital: Opini\u00f3n, s\u00e1tira y tendencias en series y entretenimiento.\" \/>\n<meta name=\"robots\" content=\"index, follow, max-snippet:-1, max-image-preview:large, max-video-preview:-1\" \/>\n<link rel=\"canonical\" href=\"https:\/\/antenajoven.com\/revista\/slug-url-denuncia-panaderia-dona-vera-minisuper-el-resi-cartago\/\" \/>\n<meta property=\"og:locale\" content=\"es_ES\" \/>\n<meta property=\"og:type\" content=\"article\" \/>\n<meta property=\"og:title\" content=\"\ud83d\udea8 \u00a1EL DESCARO TIENE NOMBRE EN CARTAGO! \ud83d\udea8\" \/>\n<meta property=\"og:description\" content=\"De Panader\u00eda Do\u00f1a Vera a &quot;Minis\u00faper El Resi&quot;: el cambio de nombre que no oculta los productos &quot;vac\u00edos&quot;, los cobros dobles y el servicio deplorable. \u00bfTe ha pasado? Le\u00e9 la nota completa en nuestra Tribuna Abierta. \ud83d\udc47\" \/>\n<meta property=\"og:url\" content=\"https:\/\/antenajoven.com\/revista\/slug-url-denuncia-panaderia-dona-vera-minisuper-el-resi-cartago\/\" \/>\n<meta property=\"og:site_name\" content=\"Antena Joven - Cultura Digital\" \/>\n<meta property=\"article:publisher\" content=\"https:\/\/www.facebook.com\/antena.joven.cultura.digital\" \/>\n<meta property=\"article:published_time\" content=\"2026-03-19T03:19:13+00:00\" \/>\n<meta property=\"article:modified_time\" content=\"2026-03-19T03:29:29+00:00\" \/>\n<meta property=\"og:image\" content=\"https:\/\/antenajoven.com\/revista\/wp-content\/uploads\/2026\/03\/Panaderia-Dona-Vera-y-Minisuper-El-Resi-en-Cartago.webp\" \/>\n\t<meta property=\"og:image:width\" content=\"1389\" \/>\n\t<meta property=\"og:image:height\" content=\"768\" \/>\n\t<meta property=\"og:image:type\" content=\"image\/webp\" \/>\n<meta name=\"author\" content=\"os\" \/>\n<meta name=\"twitter:card\" content=\"summary_large_image\" \/>\n<meta name=\"twitter:title\" content=\"\u00bfReposter\u00eda de 1,500 colones llena de aire? \ud83e\udd50\ud83d\udca8\" \/>\n<meta name=\"twitter:description\" content=\"Vecinos en el Residencial Cartago denuncian las &quot;ma\u00f1as&quot; de la antigua Panader\u00eda Do\u00f1a Vera. Dat\u00e1fonos que no sirven, reventa excesiva y mala atenci\u00f3n. \u00a1Ent\u00e9rese aqu\u00ed! #Cartago #DenunciaCiudadana #CostaRica\" \/>\n<meta name=\"twitter:image\" content=\"https:\/\/antenajoven.com\/revista\/wp-content\/uploads\/2026\/03\/Panaderia-Dona-Vera-y-Minisuper-El-Resi-en-Cartago.webp\" \/>\n<meta name=\"twitter:creator\" content=\"@AntenaJovenBlog\" \/>\n<meta name=\"twitter:site\" content=\"@AntenaJovenBlog\" \/>\n<meta name=\"twitter:label1\" content=\"Escrito por\" \/>\n\t<meta name=\"twitter:data1\" content=\"os\" \/>\n\t<meta name=\"twitter:label2\" content=\"Tiempo de lectura\" \/>\n\t<meta name=\"twitter:data2\" content=\"4 minutos\" \/>\n<script type=\"application\/ld+json\" class=\"yoast-schema-graph\">{\"@context\":\"https:\\\/\\\/schema.org\",\"@graph\":[{\"@type\":[\"Article\",\"BlogPosting\"],\"@id\":\"https:\\\/\\\/antenajoven.com\\\/revista\\\/slug-url-denuncia-panaderia-dona-vera-minisuper-el-resi-cartago\\\/#article\",\"isPartOf\":{\"@id\":\"https:\\\/\\\/antenajoven.com\\\/revista\\\/slug-url-denuncia-panaderia-dona-vera-minisuper-el-resi-cartago\\\/\"},\"author\":{\"name\":\"os\",\"@id\":\"https:\\\/\\\/antenajoven.com\\\/revista\\\/#\\\/schema\\\/person\\\/b744e0eb6b876ee67fef1a7ec9253647\"},\"headline\":\"\u00bfEmprendimiento o Descaro? La cuestionable gesti\u00f3n de \u00abDo\u00f1a Vera\u00bb y el \u00abMinis\u00faper El Resi\u00bb en Cartago\",\"datePublished\":\"2026-03-19T03:19:13+00:00\",\"dateModified\":\"2026-03-19T03:29:29+00:00\",\"mainEntityOfPage\":{\"@id\":\"https:\\\/\\\/antenajoven.com\\\/revista\\\/slug-url-denuncia-panaderia-dona-vera-minisuper-el-resi-cartago\\\/\"},\"wordCount\":698,\"commentCount\":0,\"publisher\":{\"@id\":\"https:\\\/\\\/antenajoven.com\\\/revista\\\/#organization\"},\"image\":{\"@id\":\"https:\\\/\\\/antenajoven.com\\\/revista\\\/slug-url-denuncia-panaderia-dona-vera-minisuper-el-resi-cartago\\\/#primaryimage\"},\"thumbnailUrl\":\"https:\\\/\\\/antenajoven.com\\\/revista\\\/wp-content\\\/uploads\\\/2026\\\/03\\\/Panaderia-Dona-Vera-y-Minisuper-El-Resi-en-Cartago.webp\",\"keywords\":[\"Abuso al consumidor\",\"Cartago\",\"Costa Rica\",\"Denuncia\",\"Minis\u00faper El Resi\",\"Panader\u00eda Do\u00f1a Vera\",\"Residencial Cartago\"],\"articleSection\":[\"Actualidad Local\",\"Consumo Responsable\",\"Denuncia Ciudadana\"],\"inLanguage\":\"es\",\"potentialAction\":[{\"@type\":\"CommentAction\",\"name\":\"Comment\",\"target\":[\"https:\\\/\\\/antenajoven.com\\\/revista\\\/slug-url-denuncia-panaderia-dona-vera-minisuper-el-resi-cartago\\\/#respond\"]}]},{\"@type\":[\"WebPage\",\"ItemPage\"],\"@id\":\"https:\\\/\\\/antenajoven.com\\\/revista\\\/slug-url-denuncia-panaderia-dona-vera-minisuper-el-resi-cartago\\\/\",\"url\":\"https:\\\/\\\/antenajoven.com\\\/revista\\\/slug-url-denuncia-panaderia-dona-vera-minisuper-el-resi-cartago\\\/\",\"name\":\"\u00bfEmprendimiento o Descaro? La cuestionable gesti\u00f3n de \\\"Do\u00f1a Vera\\\" y el \\\"Minis\u00faper El Resi\\\" en Cartago \u2013 An\u00e1lisis en Antena Joven \u2013 Cultura Digital: Opini\u00f3n y s\u00e1tira sobre series, entretenimiento y cultura online.\",\"isPartOf\":{\"@id\":\"https:\\\/\\\/antenajoven.com\\\/revista\\\/#website\"},\"primaryImageOfPage\":{\"@id\":\"https:\\\/\\\/antenajoven.com\\\/revista\\\/slug-url-denuncia-panaderia-dona-vera-minisuper-el-resi-cartago\\\/#primaryimage\"},\"image\":{\"@id\":\"https:\\\/\\\/antenajoven.com\\\/revista\\\/slug-url-denuncia-panaderia-dona-vera-minisuper-el-resi-cartago\\\/#primaryimage\"},\"thumbnailUrl\":\"https:\\\/\\\/antenajoven.com\\\/revista\\\/wp-content\\\/uploads\\\/2026\\\/03\\\/Panaderia-Dona-Vera-y-Minisuper-El-Resi-en-Cartago.webp\",\"datePublished\":\"2026-03-19T03:19:13+00:00\",\"dateModified\":\"2026-03-19T03:29:29+00:00\",\"description\":\"\u00bfPanader\u00eda de calidad o espejismo caro? Descubra por qu\u00e9 Do\u00f1a Vera (ahora Minis\u00faper El Resi) indigna a vecinos del Residencial Cartago y El Molino con productos \\\"huecos\\\" y cobros indebidos. | Antena Joven \u2013 Cultura Digital: Opini\u00f3n, s\u00e1tira y tendencias en series y entretenimiento.\",\"breadcrumb\":{\"@id\":\"https:\\\/\\\/antenajoven.com\\\/revista\\\/slug-url-denuncia-panaderia-dona-vera-minisuper-el-resi-cartago\\\/#breadcrumb\"},\"inLanguage\":\"es\",\"potentialAction\":[{\"@type\":\"ReadAction\",\"target\":[\"https:\\\/\\\/antenajoven.com\\\/revista\\\/slug-url-denuncia-panaderia-dona-vera-minisuper-el-resi-cartago\\\/\"]}]},{\"@type\":\"ImageObject\",\"inLanguage\":\"es\",\"@id\":\"https:\\\/\\\/antenajoven.com\\\/revista\\\/slug-url-denuncia-panaderia-dona-vera-minisuper-el-resi-cartago\\\/#primaryimage\",\"url\":\"https:\\\/\\\/antenajoven.com\\\/revista\\\/wp-content\\\/uploads\\\/2026\\\/03\\\/Panaderia-Dona-Vera-y-Minisuper-El-Resi-en-Cartago.webp\",\"contentUrl\":\"https:\\\/\\\/antenajoven.com\\\/revista\\\/wp-content\\\/uploads\\\/2026\\\/03\\\/Panaderia-Dona-Vera-y-Minisuper-El-Resi-en-Cartago.webp\",\"width\":1389,\"height\":768,\"caption\":\"El cambio de nombre de Panader\u00eda Do\u00f1a Vera a Minis\u00faper El Resi parece ser solo una fachada; las quejas por productos vac\u00edos y cobros indebidos persisten en el Residencial Cartago.\"},{\"@type\":\"BreadcrumbList\",\"@id\":\"https:\\\/\\\/antenajoven.com\\\/revista\\\/slug-url-denuncia-panaderia-dona-vera-minisuper-el-resi-cartago\\\/#breadcrumb\",\"itemListElement\":[{\"@type\":\"ListItem\",\"position\":1,\"name\":\"Inicio\",\"item\":\"https:\\\/\\\/antenajoven.com\\\/revista\\\/\"},{\"@type\":\"ListItem\",\"position\":2,\"name\":\"Tribuna Abierta\",\"item\":\"https:\\\/\\\/antenajoven.com\\\/revista\\\/category\\\/tribuna-abierta\\\/\"},{\"@type\":\"ListItem\",\"position\":3,\"name\":\"Denuncia Ciudadana\",\"item\":\"https:\\\/\\\/antenajoven.com\\\/revista\\\/category\\\/tribuna-abierta\\\/denuncia-ciudadana\\\/\"},{\"@type\":\"ListItem\",\"position\":4,\"name\":\"\u00bfEmprendimiento o Descaro? La cuestionable gesti\u00f3n de \u00abDo\u00f1a Vera\u00bb y el \u00abMinis\u00faper El Resi\u00bb en Cartago\"}]},{\"@type\":\"WebSite\",\"@id\":\"https:\\\/\\\/antenajoven.com\\\/revista\\\/#website\",\"url\":\"https:\\\/\\\/antenajoven.com\\\/revista\\\/\",\"name\":\"Antena Joven - Cultura Digital\",\"description\":\"Antena Joven \u2013 Cultura Digital: Series, entretenimiento y cr\u00edtica con voz joven.\",\"publisher\":{\"@id\":\"https:\\\/\\\/antenajoven.com\\\/revista\\\/#organization\"},\"potentialAction\":[{\"@type\":\"SearchAction\",\"target\":{\"@type\":\"EntryPoint\",\"urlTemplate\":\"https:\\\/\\\/antenajoven.com\\\/revista\\\/?s={search_term_string}\"},\"query-input\":{\"@type\":\"PropertyValueSpecification\",\"valueRequired\":true,\"valueName\":\"search_term_string\"}}],\"inLanguage\":\"es\"},{\"@type\":\"Organization\",\"@id\":\"https:\\\/\\\/antenajoven.com\\\/revista\\\/#organization\",\"name\":\"Antena Joven by Oscar Solano\",\"url\":\"https:\\\/\\\/antenajoven.com\\\/revista\\\/\",\"logo\":{\"@type\":\"ImageObject\",\"inLanguage\":\"es\",\"@id\":\"https:\\\/\\\/antenajoven.com\\\/revista\\\/#\\\/schema\\\/logo\\\/image\\\/\",\"url\":\"https:\\\/\\\/antenajoven.com\\\/revista\\\/wp-content\\\/uploads\\\/2025\\\/07\\\/Antena-Joven-LOGO-v25final-1200x1200-1.png\",\"contentUrl\":\"https:\\\/\\\/antenajoven.com\\\/revista\\\/wp-content\\\/uploads\\\/2025\\\/07\\\/Antena-Joven-LOGO-v25final-1200x1200-1.png\",\"width\":1200,\"height\":1200,\"caption\":\"Antena Joven by Oscar Solano\"},\"image\":{\"@id\":\"https:\\\/\\\/antenajoven.com\\\/revista\\\/#\\\/schema\\\/logo\\\/image\\\/\"},\"sameAs\":[\"https:\\\/\\\/www.facebook.com\\\/antena.joven.cultura.digital\",\"https:\\\/\\\/x.com\\\/AntenaJovenBlog\"]},{\"@type\":\"Person\",\"@id\":\"https:\\\/\\\/antenajoven.com\\\/revista\\\/#\\\/schema\\\/person\\\/b744e0eb6b876ee67fef1a7ec9253647\",\"name\":\"os\",\"image\":{\"@type\":\"ImageObject\",\"inLanguage\":\"es\",\"@id\":\"https:\\\/\\\/secure.gravatar.com\\\/avatar\\\/c496e927ef21dc5658f4e82f4d1ce03b290bcd255171ae9919c10437678a3c10?s=96&d=mm&r=g\",\"url\":\"https:\\\/\\\/secure.gravatar.com\\\/avatar\\\/c496e927ef21dc5658f4e82f4d1ce03b290bcd255171ae9919c10437678a3c10?s=96&d=mm&r=g\",\"contentUrl\":\"https:\\\/\\\/secure.gravatar.com\\\/avatar\\\/c496e927ef21dc5658f4e82f4d1ce03b290bcd255171ae9919c10437678a3c10?s=96&d=mm&r=g\",\"caption\":\"os\"},\"sameAs\":[\"https:\\\/\\\/antenajoven.com\\\/revista\"]}]}<\/script>\n<!-- \/ Yoast SEO plugin. -->","yoast_head_json":{"title":"\u00bfEmprendimiento o Descaro? La cuestionable gesti\u00f3n de \"Do\u00f1a Vera\" y el \"Minis\u00faper El Resi\" en Cartago \u2013 An\u00e1lisis en Antena Joven \u2013 Cultura Digital: Opini\u00f3n y s\u00e1tira sobre series, entretenimiento y cultura online.","description":"\u00bfPanader\u00eda de calidad o espejismo caro? Descubra por qu\u00e9 Do\u00f1a Vera (ahora Minis\u00faper El Resi) indigna a vecinos del Residencial Cartago y El Molino con productos \"huecos\" y cobros indebidos. | Antena Joven \u2013 Cultura Digital: Opini\u00f3n, s\u00e1tira y tendencias en series y entretenimiento.","robots":{"index":"index","follow":"follow","max-snippet":"max-snippet:-1","max-image-preview":"max-image-preview:large","max-video-preview":"max-video-preview:-1"},"canonical":"https:\/\/antenajoven.com\/revista\/slug-url-denuncia-panaderia-dona-vera-minisuper-el-resi-cartago\/","og_locale":"es_ES","og_type":"article","og_title":"\ud83d\udea8 \u00a1EL DESCARO TIENE NOMBRE EN CARTAGO! \ud83d\udea8","og_description":"De Panader\u00eda Do\u00f1a Vera a \"Minis\u00faper El Resi\": el cambio de nombre que no oculta los productos \"vac\u00edos\", los cobros dobles y el servicio deplorable. \u00bfTe ha pasado? Le\u00e9 la nota completa en nuestra Tribuna Abierta. \ud83d\udc47","og_url":"https:\/\/antenajoven.com\/revista\/slug-url-denuncia-panaderia-dona-vera-minisuper-el-resi-cartago\/","og_site_name":"Antena Joven - Cultura Digital","article_publisher":"https:\/\/www.facebook.com\/antena.joven.cultura.digital","article_published_time":"2026-03-19T03:19:13+00:00","article_modified_time":"2026-03-19T03:29:29+00:00","og_image":[{"width":1389,"height":768,"url":"https:\/\/antenajoven.com\/revista\/wp-content\/uploads\/2026\/03\/Panaderia-Dona-Vera-y-Minisuper-El-Resi-en-Cartago.webp","type":"image\/webp"}],"author":"os","twitter_card":"summary_large_image","twitter_title":"\u00bfReposter\u00eda de 1,500 colones llena de aire? \ud83e\udd50\ud83d\udca8","twitter_description":"Vecinos en el Residencial Cartago denuncian las \"ma\u00f1as\" de la antigua Panader\u00eda Do\u00f1a Vera. Dat\u00e1fonos que no sirven, reventa excesiva y mala atenci\u00f3n. \u00a1Ent\u00e9rese aqu\u00ed! #Cartago #DenunciaCiudadana #CostaRica","twitter_image":"https:\/\/antenajoven.com\/revista\/wp-content\/uploads\/2026\/03\/Panaderia-Dona-Vera-y-Minisuper-El-Resi-en-Cartago.webp","twitter_creator":"@AntenaJovenBlog","twitter_site":"@AntenaJovenBlog","twitter_misc":{"Escrito por":"os","Tiempo de lectura":"4 minutos"},"schema":{"@context":"https:\/\/schema.org","@graph":[{"@type":["Article","BlogPosting"],"@id":"https:\/\/antenajoven.com\/revista\/slug-url-denuncia-panaderia-dona-vera-minisuper-el-resi-cartago\/#article","isPartOf":{"@id":"https:\/\/antenajoven.com\/revista\/slug-url-denuncia-panaderia-dona-vera-minisuper-el-resi-cartago\/"},"author":{"name":"os","@id":"https:\/\/antenajoven.com\/revista\/#\/schema\/person\/b744e0eb6b876ee67fef1a7ec9253647"},"headline":"\u00bfEmprendimiento o Descaro? La cuestionable gesti\u00f3n de \u00abDo\u00f1a Vera\u00bb y el \u00abMinis\u00faper El Resi\u00bb en Cartago","datePublished":"2026-03-19T03:19:13+00:00","dateModified":"2026-03-19T03:29:29+00:00","mainEntityOfPage":{"@id":"https:\/\/antenajoven.com\/revista\/slug-url-denuncia-panaderia-dona-vera-minisuper-el-resi-cartago\/"},"wordCount":698,"commentCount":0,"publisher":{"@id":"https:\/\/antenajoven.com\/revista\/#organization"},"image":{"@id":"https:\/\/antenajoven.com\/revista\/slug-url-denuncia-panaderia-dona-vera-minisuper-el-resi-cartago\/#primaryimage"},"thumbnailUrl":"https:\/\/antenajoven.com\/revista\/wp-content\/uploads\/2026\/03\/Panaderia-Dona-Vera-y-Minisuper-El-Resi-en-Cartago.webp","keywords":["Abuso al consumidor","Cartago","Costa Rica","Denuncia","Minis\u00faper El Resi","Panader\u00eda Do\u00f1a Vera","Residencial Cartago"],"articleSection":["Actualidad Local","Consumo Responsable","Denuncia Ciudadana"],"inLanguage":"es","potentialAction":[{"@type":"CommentAction","name":"Comment","target":["https:\/\/antenajoven.com\/revista\/slug-url-denuncia-panaderia-dona-vera-minisuper-el-resi-cartago\/#respond"]}]},{"@type":["WebPage","ItemPage"],"@id":"https:\/\/antenajoven.com\/revista\/slug-url-denuncia-panaderia-dona-vera-minisuper-el-resi-cartago\/","url":"https:\/\/antenajoven.com\/revista\/slug-url-denuncia-panaderia-dona-vera-minisuper-el-resi-cartago\/","name":"\u00bfEmprendimiento o Descaro? La cuestionable gesti\u00f3n de \"Do\u00f1a Vera\" y el \"Minis\u00faper El Resi\" en Cartago \u2013 An\u00e1lisis en Antena Joven \u2013 Cultura Digital: Opini\u00f3n y s\u00e1tira sobre series, entretenimiento y cultura online.","isPartOf":{"@id":"https:\/\/antenajoven.com\/revista\/#website"},"primaryImageOfPage":{"@id":"https:\/\/antenajoven.com\/revista\/slug-url-denuncia-panaderia-dona-vera-minisuper-el-resi-cartago\/#primaryimage"},"image":{"@id":"https:\/\/antenajoven.com\/revista\/slug-url-denuncia-panaderia-dona-vera-minisuper-el-resi-cartago\/#primaryimage"},"thumbnailUrl":"https:\/\/antenajoven.com\/revista\/wp-content\/uploads\/2026\/03\/Panaderia-Dona-Vera-y-Minisuper-El-Resi-en-Cartago.webp","datePublished":"2026-03-19T03:19:13+00:00","dateModified":"2026-03-19T03:29:29+00:00","description":"\u00bfPanader\u00eda de calidad o espejismo caro? Descubra por qu\u00e9 Do\u00f1a Vera (ahora Minis\u00faper El Resi) indigna a vecinos del Residencial Cartago y El Molino con productos \"huecos\" y cobros indebidos. | Antena Joven \u2013 Cultura Digital: Opini\u00f3n, s\u00e1tira y tendencias en series y entretenimiento.","breadcrumb":{"@id":"https:\/\/antenajoven.com\/revista\/slug-url-denuncia-panaderia-dona-vera-minisuper-el-resi-cartago\/#breadcrumb"},"inLanguage":"es","potentialAction":[{"@type":"ReadAction","target":["https:\/\/antenajoven.com\/revista\/slug-url-denuncia-panaderia-dona-vera-minisuper-el-resi-cartago\/"]}]},{"@type":"ImageObject","inLanguage":"es","@id":"https:\/\/antenajoven.com\/revista\/slug-url-denuncia-panaderia-dona-vera-minisuper-el-resi-cartago\/#primaryimage","url":"https:\/\/antenajoven.com\/revista\/wp-content\/uploads\/2026\/03\/Panaderia-Dona-Vera-y-Minisuper-El-Resi-en-Cartago.webp","contentUrl":"https:\/\/antenajoven.com\/revista\/wp-content\/uploads\/2026\/03\/Panaderia-Dona-Vera-y-Minisuper-El-Resi-en-Cartago.webp","width":1389,"height":768,"caption":"El cambio de nombre de Panader\u00eda Do\u00f1a Vera a Minis\u00faper El Resi parece ser solo una fachada; las quejas por productos vac\u00edos y cobros indebidos persisten en el Residencial Cartago."},{"@type":"BreadcrumbList","@id":"https:\/\/antenajoven.com\/revista\/slug-url-denuncia-panaderia-dona-vera-minisuper-el-resi-cartago\/#breadcrumb","itemListElement":[{"@type":"ListItem","position":1,"name":"Inicio","item":"https:\/\/antenajoven.com\/revista\/"},{"@type":"ListItem","position":2,"name":"Tribuna Abierta","item":"https:\/\/antenajoven.com\/revista\/category\/tribuna-abierta\/"},{"@type":"ListItem","position":3,"name":"Denuncia Ciudadana","item":"https:\/\/antenajoven.com\/revista\/category\/tribuna-abierta\/denuncia-ciudadana\/"},{"@type":"ListItem","position":4,"name":"\u00bfEmprendimiento o Descaro? La cuestionable gesti\u00f3n de \u00abDo\u00f1a Vera\u00bb y el \u00abMinis\u00faper El Resi\u00bb en Cartago"}]},{"@type":"WebSite","@id":"https:\/\/antenajoven.com\/revista\/#website","url":"https:\/\/antenajoven.com\/revista\/","name":"Antena Joven - Cultura Digital","description":"Antena Joven \u2013 Cultura Digital: Series, entretenimiento y cr\u00edtica con voz joven.","publisher":{"@id":"https:\/\/antenajoven.com\/revista\/#organization"},"potentialAction":[{"@type":"SearchAction","target":{"@type":"EntryPoint","urlTemplate":"https:\/\/antenajoven.com\/revista\/?s={search_term_string}"},"query-input":{"@type":"PropertyValueSpecification","valueRequired":true,"valueName":"search_term_string"}}],"inLanguage":"es"},{"@type":"Organization","@id":"https:\/\/antenajoven.com\/revista\/#organization","name":"Antena Joven by Oscar Solano","url":"https:\/\/antenajoven.com\/revista\/","logo":{"@type":"ImageObject","inLanguage":"es","@id":"https:\/\/antenajoven.com\/revista\/#\/schema\/logo\/image\/","url":"https:\/\/antenajoven.com\/revista\/wp-content\/uploads\/2025\/07\/Antena-Joven-LOGO-v25final-1200x1200-1.png","contentUrl":"https:\/\/antenajoven.com\/revista\/wp-content\/uploads\/2025\/07\/Antena-Joven-LOGO-v25final-1200x1200-1.png","width":1200,"height":1200,"caption":"Antena Joven by Oscar Solano"},"image":{"@id":"https:\/\/antenajoven.com\/revista\/#\/schema\/logo\/image\/"},"sameAs":["https:\/\/www.facebook.com\/antena.joven.cultura.digital","https:\/\/x.com\/AntenaJovenBlog"]},{"@type":"Person","@id":"https:\/\/antenajoven.com\/revista\/#\/schema\/person\/b744e0eb6b876ee67fef1a7ec9253647","name":"os","image":{"@type":"ImageObject","inLanguage":"es","@id":"https:\/\/secure.gravatar.com\/avatar\/c496e927ef21dc5658f4e82f4d1ce03b290bcd255171ae9919c10437678a3c10?s=96&d=mm&r=g","url":"https:\/\/secure.gravatar.com\/avatar\/c496e927ef21dc5658f4e82f4d1ce03b290bcd255171ae9919c10437678a3c10?s=96&d=mm&r=g","contentUrl":"https:\/\/secure.gravatar.com\/avatar\/c496e927ef21dc5658f4e82f4d1ce03b290bcd255171ae9919c10437678a3c10?s=96&d=mm&r=g","caption":"os"},"sameAs":["https:\/\/antenajoven.com\/revista"]}]}},"_links":{"self":[{"href":"https:\/\/antenajoven.com\/revista\/wp-json\/wp\/v2\/posts\/314","targetHints":{"allow":["GET"]}}],"collection":[{"href":"https:\/\/antenajoven.com\/revista\/wp-json\/wp\/v2\/posts"}],"about":[{"href":"https:\/\/antenajoven.com\/revista\/wp-json\/wp\/v2\/types\/post"}],"author":[{"embeddable":true,"href":"https:\/\/antenajoven.com\/revista\/wp-json\/wp\/v2\/users\/1"}],"replies":[{"embeddable":true,"href":"https:\/\/antenajoven.com\/revista\/wp-json\/wp\/v2\/comments?post=314"}],"version-history":[{"count":2,"href":"https:\/\/antenajoven.com\/revista\/wp-json\/wp\/v2\/posts\/314\/revisions"}],"predecessor-version":[{"id":320,"href":"https:\/\/antenajoven.com\/revista\/wp-json\/wp\/v2\/posts\/314\/revisions\/320"}],"wp:featuredmedia":[{"embeddable":true,"href":"https:\/\/antenajoven.com\/revista\/wp-json\/wp\/v2\/media\/316"}],"wp:attachment":[{"href":"https:\/\/antenajoven.com\/revista\/wp-json\/wp\/v2\/media?parent=314"}],"wp:term":[{"taxonomy":"category","embeddable":true,"href":"https:\/\/antenajoven.com\/revista\/wp-json\/wp\/v2\/categories?post=314"},{"taxonomy":"post_tag","embeddable":true,"href":"https:\/\/antenajoven.com\/revista\/wp-json\/wp\/v2\/tags?post=314"}],"curies":[{"name":"wp","href":"https:\/\/api.w.org\/{rel}","templated":true}]}}